{"id":1651,"date":"2025-01-07T11:04:00","date_gmt":"2025-01-07T11:04:00","guid":{"rendered":"https:\/\/ri.fictoralimentos.com.br\/?p=1651"},"modified":"2026-01-06T17:49:00","modified_gmt":"2026-01-06T17:49:00","slug":"fictor-alimentos-estreia-na-b3-times","status":"publish","type":"post","link":"https:\/\/ri.fictoralimentos.com.br\/ar\/fictor-alimentos-estreia-na-b3-times\/","title":{"rendered":"\u0634\u0631\u0643\u0629 Fictor Alimentos Alimentos S.A. \u062a\u064f\u0637\u0631\u062d \u0644\u0623\u0648\u0644 \u0645\u0631\u0629 \u0639\u0644\u0649 \u0645\u0646\u0635\u0629 B3 \u0628\u0627\u0633\u062a\u0631\u0627\u062a\u064a\u062c\u064a\u0629 \"\u0627\u0644\u0627\u0643\u062a\u062a\u0627\u0628 \u0627\u0644\u0639\u0627\u0645 \u0627\u0644\u0639\u0643\u0633\u064a\""},"content":{"rendered":"<h2><a href=\"https:\/\/www.youtube.com\/watch?v=_adnK6Xg3KE\" target=\"_blank\" rel=\"noopener\"><strong>Fictor Alimentos estreia na B3: Confira a Entrevista na \u00edntegra em 4 idi<\/strong><\/a><strong><a href=\"https:\/\/ri.fictoralimentos.com.br\/ar\/videos\/fictor-alimentos-s-a-estreia-na-b3-com-estrategia-de-ipo-reverso\/\">omas &#8211; Clique Aqui<\/a><\/strong><\/h2>\r\n\r\n\r\n\r\n<p class=\"\">O jornalista Marcelo Torres da Times Brasil &#8211; Licenciado Exclusivo CNBC, entrevista o Andr\u00e9 Vasconcellos, Diretor Estatut\u00e1rio de Estrat\u00e9gia, Planejamento e Rela\u00e7\u00f5es com os Investidores sobre a entrada da Fictor Alimentos S.A. na B3 (Bolsa de Valores de S\u00e3o Paulo).<\/p>\r\n\r\n\r\n\r\n<p class=\"\">A entrevista ao vivo focou no tema da &#8220;IPO Reverso&#8221; e como a Fictor Alimentos S.A. criou sua estrat\u00e9gia.<\/p>\r\n\r\n\r\n\r\n<div class=\"wp-block-columns is-layout-flex wp-container-core-columns-is-layout-9d6595d7 wp-block-columns-is-layout-flex\">\r\n<div class=\"wp-block-column is-layout-flow wp-block-column-is-layout-flow\">\r\n<figure class=\"wp-block-image size-large\"><img loading=\"lazy\" decoding=\"async\" width=\"768\" height=\"1024\" class=\"wp-image-1731\" src=\"https:\/\/ri.fictoralimentos.com.br\/wp-content\/uploads\/andre-cnbc-1-768x1024.jpeg\" alt=\"\" srcset=\"https:\/\/ri.fictoralimentos.com.br\/wp-content\/uploads\/andre-cnbc-1-768x1024.jpeg 768w, https:\/\/ri.fictoralimentos.com.br\/wp-content\/uploads\/andre-cnbc-1-225x300.jpeg 225w, https:\/\/ri.fictoralimentos.com.br\/wp-content\/uploads\/andre-cnbc-1-1152x1536.jpeg 1152w, https:\/\/ri.fictoralimentos.com.br\/wp-content\/uploads\/andre-cnbc-1-1536x2048.jpeg 1536w, https:\/\/ri.fictoralimentos.com.br\/wp-content\/uploads\/andre-cnbc-1-9x12.jpeg 9w, https:\/\/ri.fictoralimentos.com.br\/wp-content\/uploads\/andre-cnbc-1-640x853.jpeg 640w, https:\/\/ri.fictoralimentos.com.br\/wp-content\/uploads\/andre-cnbc-1-scaled.jpeg 1920w\" sizes=\"auto, (max-width: 768px) 100vw, 768px\" \/><\/figure>\r\n<\/div>\r\n\r\n\r\n\r\n<div class=\"wp-block-column is-layout-flow wp-block-column-is-layout-flow\">\r\n<figure class=\"wp-block-image size-large\"><img loading=\"lazy\" decoding=\"async\" width=\"768\" height=\"1024\" class=\"wp-image-1732\" src=\"https:\/\/ri.fictoralimentos.com.br\/wp-content\/uploads\/WhatsApp-Image-2025-01-07-at-12.17.27-768x1024.jpeg\" alt=\"\" srcset=\"https:\/\/ri.fictoralimentos.com.br\/wp-content\/uploads\/WhatsApp-Image-2025-01-07-at-12.17.27-768x1024.jpeg 768w, https:\/\/ri.fictoralimentos.com.br\/wp-content\/uploads\/WhatsApp-Image-2025-01-07-at-12.17.27-225x300.jpeg 225w, https:\/\/ri.fictoralimentos.com.br\/wp-content\/uploads\/WhatsApp-Image-2025-01-07-at-12.17.27-1152x1536.jpeg 1152w, https:\/\/ri.fictoralimentos.com.br\/wp-content\/uploads\/WhatsApp-Image-2025-01-07-at-12.17.27-1536x2048.jpeg 1536w, https:\/\/ri.fictoralimentos.com.br\/wp-content\/uploads\/WhatsApp-Image-2025-01-07-at-12.17.27-9x12.jpeg 9w, https:\/\/ri.fictoralimentos.com.br\/wp-content\/uploads\/WhatsApp-Image-2025-01-07-at-12.17.27-640x853.jpeg 640w, https:\/\/ri.fictoralimentos.com.br\/wp-content\/uploads\/WhatsApp-Image-2025-01-07-at-12.17.27-scaled.jpeg 1920w\" sizes=\"auto, (max-width: 768px) 100vw, 768px\" \/><\/figure>\r\n<\/div>\r\n<\/div>","protected":false},"excerpt":{"rendered":"<p>Fictor Alimentos estreia na B3: Confira a Entrevista na \u00edntegra em 4 idiomas &#8211; Clique Aqui O jornalista Marcelo Torres da Times Brasil &#8211; Licenciado Exclusivo CNBC, entrevista o Andr\u00e9 Vasconcellos, Diretor Estatut\u00e1rio de Estrat\u00e9gia, Planejamento e Rela\u00e7\u00f5es com os Investidores sobre a entrada da Fictor Alimentos S.A. na B3 (Bolsa de Valores de S\u00e3o [&hellip;]<\/p>\n","protected":false},"author":4,"featured_media":1653,"comment_status":"open","ping_status":"open","sticky":false,"template":"","format":"standard","meta":{"_acf_changed":false,"inline_featured_image":false,"footnotes":""},"categories":[27,28],"tags":[],"class_list":["post-1651","post","type-post","status-publish","format-standard","has-post-thumbnail","hentry","category-times-brasil-cnbc","category-entrevista"],"acf":[],"_links":{"self":[{"href":"https:\/\/ri.fictoralimentos.com.br\/ar\/wp-json\/wp\/v2\/posts\/1651","targetHints":{"allow":["GET"]}}],"collection":[{"href":"https:\/\/ri.fictoralimentos.com.br\/ar\/wp-json\/wp\/v2\/posts"}],"about":[{"href":"https:\/\/ri.fictoralimentos.com.br\/ar\/wp-json\/wp\/v2\/types\/post"}],"author":[{"embeddable":true,"href":"https:\/\/ri.fictoralimentos.com.br\/ar\/wp-json\/wp\/v2\/users\/4"}],"replies":[{"embeddable":true,"href":"https:\/\/ri.fictoralimentos.com.br\/ar\/wp-json\/wp\/v2\/comments?post=1651"}],"version-history":[{"count":7,"href":"https:\/\/ri.fictoralimentos.com.br\/ar\/wp-json\/wp\/v2\/posts\/1651\/revisions"}],"predecessor-version":[{"id":2974,"href":"https:\/\/ri.fictoralimentos.com.br\/ar\/wp-json\/wp\/v2\/posts\/1651\/revisions\/2974"}],"wp:featuredmedia":[{"embeddable":true,"href":"https:\/\/ri.fictoralimentos.com.br\/ar\/wp-json\/wp\/v2\/media\/1653"}],"wp:attachment":[{"href":"https:\/\/ri.fictoralimentos.com.br\/ar\/wp-json\/wp\/v2\/media?parent=1651"}],"wp:term":[{"taxonomy":"category","embeddable":true,"href":"https:\/\/ri.fictoralimentos.com.br\/ar\/wp-json\/wp\/v2\/categories?post=1651"},{"taxonomy":"post_tag","embeddable":true,"href":"https:\/\/ri.fictoralimentos.com.br\/ar\/wp-json\/wp\/v2\/tags?post=1651"}],"curies":[{"name":"wp","href":"https:\/\/api.w.org\/{rel}","templated":true}]}}