{"id":1909,"date":"2025-02-12T19:51:47","date_gmt":"2025-02-12T19:51:47","guid":{"rendered":"https:\/\/ri.fictoralimentos.com.br\/?p=1909"},"modified":"2026-01-06T13:55:21","modified_gmt":"2026-01-06T13:55:21","slug":"entrevista-eai-invest-fictor-alimentos","status":"publish","type":"post","link":"https:\/\/ri.fictoralimentos.com.br\/ar\/entrevista-eai-invest-fictor-alimentos\/","title":{"rendered":"\u0645\u0642\u0627\u0628\u0644\u0629 \u0645\u0639 \u0642\u0646\u0627\u0629 Eai Invest"},"content":{"rendered":"<h2><a href=\"https:\/\/www.youtube.com\/watch?v=hIuaL4S9CwQ\" data-type=\"link\" data-id=\"https:\/\/www.youtube.com\/watch?v=hIuaL4S9CwQ\" target=\"_blank\" rel=\"noopener\"><strong>\u0634\u0627\u0647\u062f \u0627\u0644\u0645\u0642\u0627\u0628\u0644\u0629 \u0643\u0627\u0645\u0644\u0629<\/strong><\/a><strong><a href=\"https:\/\/ri.fictoralimentos.com.br\/ar\/videos\/fictor-alimentos-entrevista-ao-canal-eai-invest\/\" data-type=\"link\" data-id=\"https:\/\/ri.fictoralimentos.com.br\/videos\/fictor-alimentos-entrevista-ao-canal-eai-invest\/\"> &#8211; Clique Aqui<\/a><\/strong><\/h2>\r\n\r\n\r\n\r\n<p class=\"\">O apresentador Guilherme Henrique Cunha do programa Morning Call, promovido pelo canal Eai Invest, entrevista o <a href=\"https:\/\/ri.fictoralimentos.com.br\/ar\/diretorias-conselhos-e-comites\/\">\u0623\u0646\u062f\u0631\u064a\u0647 \u0641\u0627\u0633\u0643\u0648\u0646\u0633\u064a\u0644\u0648\u0633<\/a>, Diretor Estatut\u00e1rio de Estrat\u00e9gia, Planejamento e Rela\u00e7\u00f5es com os Investidores da companhia sobre a entrada da Fictor Alimentos S.A. na B3 (Bolsa de Valores de S\u00e3o Paulo).<\/p>\r\n\r\n\r\n\r\n<p class=\"\">\u0648\u0631\u0643\u0632\u062a \u0627\u0644\u0645\u0642\u0627\u0628\u0644\u0629 \u0627\u0644\u0645\u0628\u0627\u0634\u0631\u0629 \u0639\u0644\u0649 \u0627\u0644\u0631\u0624\u064a\u0629 \u0627\u0644\u0627\u0633\u062a\u0631\u0627\u062a\u064a\u062c\u064a\u0629 \u0637\u0648\u064a\u0644\u0629 \u0627\u0644\u0623\u062c\u0644 \u0644\u0644\u0634\u0631\u0643\u0629 \u0648\u0642\u064a\u0645\u0647\u0627 \u0648\u0643\u064a\u0641 \u062a\u0639\u062a\u0632\u0645 \u0627\u0644\u0634\u0631\u0643\u0629 \u062a\u062d\u0642\u064a\u0642 \u0623\u0647\u062f\u0627\u0641\u0647\u0627 \u0637\u0648\u064a\u0644\u0629 \u0627\u0644\u0623\u062c\u0644\u061b \u0648\u0623\u0643\u0628\u0631 \u0627\u0644\u062a\u062d\u062f\u064a\u0627\u062a \u0648\u0627\u0644\u0641\u0631\u0635 \u0627\u0644\u0648\u0627\u0639\u062f\u0629 \u0644\u0645\u0633\u062a\u0642\u0628\u0644 \u0627\u0644\u0634\u0631\u0643\u0629 \u0641\u064a \u0633\u0648\u0642 \u0627\u0644\u0645\u0627\u0644\u061b \u0648\u0627\u0644\u062b\u0642\u0627\u0641\u0629 \u0627\u0644\u0645\u0624\u0633\u0633\u064a\u0629 \u0648\u0625\u062f\u0627\u0631\u0629 \u0627\u0644\u0645\u0648\u0627\u0647\u0628 \u0648\u062d\u0648\u0643\u0645\u0629 \u0627\u0644\u0634\u0631\u0643\u0627\u062a \u0643\u0623\u062c\u0632\u0627\u0621 \u0645\u0647\u0645\u0629 \u0645\u0646 \u0627\u0644\u0646\u0645\u0648 \u0627\u0644\u0645\u0633\u062a\u062f\u0627\u0645 \u0644\u0644\u0634\u0631\u0643\u0629 \u0627\u0644\u0645\u062f\u0631\u062c\u0629\u061b \u0648\u0627\u0633\u062a\u0631\u0627\u062a\u064a\u062c\u064a\u0627\u062a \u062a\u0648\u0644\u064a\u062f \u0642\u064a\u0645\u0629 \u0637\u0648\u064a\u0644\u0629 \u0627\u0644\u0623\u062c\u0644 \u0644\u0644\u0645\u0633\u0627\u0647\u0645\u064a\u0646 \u0648\u0627\u0644\u0633\u0648\u0642 \u0628\u0634\u0643\u0644 \u0639\u0627\u0645.<\/p>","protected":false},"excerpt":{"rendered":"<p>Confira a Entrevista na \u00edntegra &#8211; Clique Aqui O apresentador Guilherme Henrique Cunha do programa Morning Call, promovido pelo canal Eai Invest, entrevista o Andr\u00e9 Vasconcellos, Diretor Estatut\u00e1rio de Estrat\u00e9gia, Planejamento e Rela\u00e7\u00f5es com os Investidores da companhia sobre a entrada da Fictor Alimentos S.A. na B3 (Bolsa de Valores de S\u00e3o Paulo). A entrevista [&hellip;]<\/p>\n","protected":false},"author":4,"featured_media":2478,"comment_status":"open","ping_status":"open","sticky":false,"template":"","format":"standard","meta":{"_acf_changed":false,"inline_featured_image":false,"footnotes":""},"categories":[36,28],"tags":[],"class_list":["post-1909","post","type-post","status-publish","format-standard","has-post-thumbnail","hentry","category-eai-invest","category-entrevista"],"acf":[],"_links":{"self":[{"href":"https:\/\/ri.fictoralimentos.com.br\/ar\/wp-json\/wp\/v2\/posts\/1909","targetHints":{"allow":["GET"]}}],"collection":[{"href":"https:\/\/ri.fictoralimentos.com.br\/ar\/wp-json\/wp\/v2\/posts"}],"about":[{"href":"https:\/\/ri.fictoralimentos.com.br\/ar\/wp-json\/wp\/v2\/types\/post"}],"author":[{"embeddable":true,"href":"https:\/\/ri.fictoralimentos.com.br\/ar\/wp-json\/wp\/v2\/users\/4"}],"replies":[{"embeddable":true,"href":"https:\/\/ri.fictoralimentos.com.br\/ar\/wp-json\/wp\/v2\/comments?post=1909"}],"version-history":[{"count":6,"href":"https:\/\/ri.fictoralimentos.com.br\/ar\/wp-json\/wp\/v2\/posts\/1909\/revisions"}],"predecessor-version":[{"id":2947,"href":"https:\/\/ri.fictoralimentos.com.br\/ar\/wp-json\/wp\/v2\/posts\/1909\/revisions\/2947"}],"wp:featuredmedia":[{"embeddable":true,"href":"https:\/\/ri.fictoralimentos.com.br\/ar\/wp-json\/wp\/v2\/media\/2478"}],"wp:attachment":[{"href":"https:\/\/ri.fictoralimentos.com.br\/ar\/wp-json\/wp\/v2\/media?parent=1909"}],"wp:term":[{"taxonomy":"category","embeddable":true,"href":"https:\/\/ri.fictoralimentos.com.br\/ar\/wp-json\/wp\/v2\/categories?post=1909"},{"taxonomy":"post_tag","embeddable":true,"href":"https:\/\/ri.fictoralimentos.com.br\/ar\/wp-json\/wp\/v2\/tags?post=1909"}],"curies":[{"name":"wp","href":"https:\/\/api.w.org\/{rel}","templated":true}]}}