{"id":1911,"date":"2025-02-05T19:57:49","date_gmt":"2025-02-05T19:57:49","guid":{"rendered":"https:\/\/ri.fictoralimentos.com.br\/?p=1911"},"modified":"2026-01-06T14:01:27","modified_gmt":"2026-01-06T14:01:27","slug":"entrevista-tc-news-fictor-alimentos","status":"publish","type":"post","link":"https:\/\/ri.fictoralimentos.com.br\/ar\/entrevista-tc-news-fictor-alimentos\/","title":{"rendered":"\u0645\u0642\u0627\u0628\u0644\u0629 \u0645\u0639 TC News"},"content":{"rendered":"<h2><a href=\"https:\/\/www.youtube.com\/watch?v=12d0mAbngP0&amp;t=1s\" target=\"_blank\" rel=\"noreferrer noopener\" data-type=\"link\" data-id=\"https:\/\/www.youtube.com\/watch?v=12d0mAbngP0&amp;t=1s\"><strong>\u0634\u0627\u0647\u062f \u0627\u0644\u0645\u0642\u0627\u0628\u0644\u0629 \u0643\u0627\u0645\u0644\u0629<\/strong><\/a><strong><a href=\"https:\/\/ri.fictoralimentos.com.br\/ar\/videos\/fictor-alimentos-entrevista-ao-canal-tc-news\/\" data-type=\"link\" data-id=\"https:\/\/ri.fictoralimentos.com.br\/videos\/fictor-alimentos-entrevista-ao-canal-tc-news\/\">\u00a0- \u0627\u0646\u0642\u0631 \u0647\u0646\u0627<\/a><\/strong><\/h2>\r\n\r\n\r\n\r\n<p class=\"\">O apresentador Vin\u00edcius Cust\u00f3dio do canal TC News, entrevista o <a href=\"https:\/\/ri.fictoralimentos.com.br\/ar\/diretorias-conselhos-e-comites\/\">\u0623\u0646\u062f\u0631\u064a\u0647 \u0641\u0627\u0633\u0643\u0648\u0646\u0633\u064a\u0644\u0648\u0633<\/a>, Diretor Estatut\u00e1rio de Estrat\u00e9gia, Planejamento e Rela\u00e7\u00f5es com os Investidores da companhia sobre a entrada da Fictor Alimentos S.A. na B3 (Bolsa de Valores de S\u00e3o Paulo). O programa &#8220;Almo\u00e7o de Neg\u00f3cios &#8220;, promovido pelo canal \u201cTC News\u201d, apresentado por Vinicius Cust\u00f3dio, \u00e9 um programa di\u00e1rio, no ar de 12h \u00e0s 15h, especializado na cobertura de empresas brasileiras com capital aberto.<\/p>\r\n\r\n\r\n\r\n<p class=\"\">\u0648\u0631\u0643\u0632\u062a \u0627\u0644\u0645\u0642\u0627\u0628\u0644\u0629 \u0627\u0644\u0645\u0628\u0627\u0634\u0631\u0629 \u0639\u0644\u0649 \u0627\u0644\u0631\u0624\u064a\u0629 \u0627\u0644\u0627\u0633\u062a\u0631\u0627\u062a\u064a\u062c\u064a\u0629 \u0637\u0648\u064a\u0644\u0629 \u0627\u0644\u0623\u062c\u0644 \u0644\u0644\u0634\u0631\u0643\u0629 \u0648\u0642\u064a\u0645\u0647\u0627 \u0648\u0643\u064a\u0641 \u062a\u0639\u062a\u0632\u0645 \u0627\u0644\u0634\u0631\u0643\u0629 \u062a\u062d\u0642\u064a\u0642 \u0623\u0647\u062f\u0627\u0641\u0647\u0627 \u0637\u0648\u064a\u0644\u0629 \u0627\u0644\u0623\u062c\u0644\u061b \u0648\u0623\u0643\u0628\u0631 \u0627\u0644\u062a\u062d\u062f\u064a\u0627\u062a \u0648\u0627\u0644\u0641\u0631\u0635 \u0627\u0644\u0648\u0627\u0639\u062f\u0629 \u0644\u0645\u0633\u062a\u0642\u0628\u0644 \u0627\u0644\u0634\u0631\u0643\u0629 \u0641\u064a \u0633\u0648\u0642 \u0627\u0644\u0645\u0627\u0644\u061b \u0648\u0627\u0644\u062b\u0642\u0627\u0641\u0629 \u0627\u0644\u0645\u0624\u0633\u0633\u064a\u0629 \u0648\u0625\u062f\u0627\u0631\u0629 \u0627\u0644\u0645\u0648\u0627\u0647\u0628 \u0648\u062d\u0648\u0643\u0645\u0629 \u0627\u0644\u0634\u0631\u0643\u0627\u062a \u0643\u0623\u062c\u0632\u0627\u0621 \u0645\u0647\u0645\u0629 \u0645\u0646 \u0627\u0644\u0646\u0645\u0648 \u0627\u0644\u0645\u0633\u062a\u062f\u0627\u0645 \u0644\u0644\u0634\u0631\u0643\u0629 \u0627\u0644\u0645\u062f\u0631\u062c\u0629\u061b \u0648\u0627\u0633\u062a\u0631\u0627\u062a\u064a\u062c\u064a\u0627\u062a \u062a\u0648\u0644\u064a\u062f \u0642\u064a\u0645\u0629 \u0637\u0648\u064a\u0644\u0629 \u0627\u0644\u0623\u062c\u0644 \u0644\u0644\u0645\u0633\u0627\u0647\u0645\u064a\u0646 \u0648\u0627\u0644\u0633\u0648\u0642 \u0628\u0634\u0643\u0644 \u0639\u0627\u0645.<\/p>","protected":false},"excerpt":{"rendered":"<p>Confira a Entrevista na \u00edntegra\u00a0\u2013 Clique Aqui O apresentador Vin\u00edcius Cust\u00f3dio do canal TC News, entrevista o Andr\u00e9 Vasconcellos, Diretor Estatut\u00e1rio de Estrat\u00e9gia, Planejamento e Rela\u00e7\u00f5es com os Investidores da companhia sobre a entrada da Fictor Alimentos S.A. na B3 (Bolsa de Valores de S\u00e3o Paulo). O programa &#8220;Almo\u00e7o de Neg\u00f3cios &#8220;, promovido pelo canal [&hellip;]<\/p>\n","protected":false},"author":4,"featured_media":2948,"comment_status":"open","ping_status":"open","sticky":false,"template":"","format":"standard","meta":{"_acf_changed":false,"inline_featured_image":false,"footnotes":""},"categories":[28,37],"tags":[],"class_list":["post-1911","post","type-post","status-publish","format-standard","has-post-thumbnail","hentry","category-entrevista","category-tc-news"],"acf":[],"_links":{"self":[{"href":"https:\/\/ri.fictoralimentos.com.br\/ar\/wp-json\/wp\/v2\/posts\/1911","targetHints":{"allow":["GET"]}}],"collection":[{"href":"https:\/\/ri.fictoralimentos.com.br\/ar\/wp-json\/wp\/v2\/posts"}],"about":[{"href":"https:\/\/ri.fictoralimentos.com.br\/ar\/wp-json\/wp\/v2\/types\/post"}],"author":[{"embeddable":true,"href":"https:\/\/ri.fictoralimentos.com.br\/ar\/wp-json\/wp\/v2\/users\/4"}],"replies":[{"embeddable":true,"href":"https:\/\/ri.fictoralimentos.com.br\/ar\/wp-json\/wp\/v2\/comments?post=1911"}],"version-history":[{"count":5,"href":"https:\/\/ri.fictoralimentos.com.br\/ar\/wp-json\/wp\/v2\/posts\/1911\/revisions"}],"predecessor-version":[{"id":2950,"href":"https:\/\/ri.fictoralimentos.com.br\/ar\/wp-json\/wp\/v2\/posts\/1911\/revisions\/2950"}],"wp:featuredmedia":[{"embeddable":true,"href":"https:\/\/ri.fictoralimentos.com.br\/ar\/wp-json\/wp\/v2\/media\/2948"}],"wp:attachment":[{"href":"https:\/\/ri.fictoralimentos.com.br\/ar\/wp-json\/wp\/v2\/media?parent=1911"}],"wp:term":[{"taxonomy":"category","embeddable":true,"href":"https:\/\/ri.fictoralimentos.com.br\/ar\/wp-json\/wp\/v2\/categories?post=1911"},{"taxonomy":"post_tag","embeddable":true,"href":"https:\/\/ri.fictoralimentos.com.br\/ar\/wp-json\/wp\/v2\/tags?post=1911"}],"curies":[{"name":"wp","href":"https:\/\/api.w.org\/{rel}","templated":true}]}}