{"id":2158,"date":"2025-04-08T19:49:00","date_gmt":"2025-04-08T19:49:00","guid":{"rendered":"https:\/\/ri.fictoralimentos.com.br\/?p=2158"},"modified":"2026-01-06T12:58:39","modified_gmt":"2026-01-06T12:58:39","slug":"palmeiras-eleva-valor-de-mercado-fictor","status":"publish","type":"post","link":"https:\/\/ri.fictoralimentos.com.br\/ar\/palmeiras-eleva-valor-de-mercado-fictor\/","title":{"rendered":"Palmeiras faz patrocinador elevar seu Valor de Mercado em R$ 15 milh\u00f5es"},"content":{"rendered":"<p data-path-to-node=\"8\">\u0641\u064a 26 \u0645\u0627\u0631\u0633 <strong><a href=\"https:\/\/www.youtube.com\/live\/9H_eNVOejdE\" target=\"_blank\" rel=\"noopener\">Palmeiras anunciou novo patrocinador m\u00e1ster<\/a><\/strong> \u00e0s categorias de Base do clube, o Grupo Fictor. A empresa tamb\u00e9m estampa sua marca nas costas do uniforme dos times profissionais masculino e feminino Alviverdes.<\/p>\r\n<p data-path-to-node=\"9\">\u0633\u062a\u0639\u0648\u062f \u0647\u0630\u0647 \u0627\u0644\u0634\u0631\u0627\u0643\u0629 \u0627\u0644\u062a\u064a \u062a\u0628\u0644\u063a \u0642\u064a\u0645\u062a\u0647\u0627 \u0645\u0644\u064a\u0648\u0646 \u062f\u0648\u0644\u0627\u0631 \u0628\u0627\u0644\u0641\u0627\u0626\u062f\u0629 \u0639\u0644\u0649 \u062e\u0632\u0627\u0626\u0646 <a href=\"https:\/\/portaldopalestra.com.br\/palmeiras-e-mais-rico-do-que-o-flamengo-balancos-revelam\/\" target=\"_blank\" rel=\"noopener\"><strong>\u0628\u0627\u0644\u0645\u064a\u0631\u0627\u0633<\/strong><\/a> a quantia de R$ 25 milh\u00f5es\/ano. Mas o lucro n\u00e3o ser\u00e1 apenas do clube; em apenas 24 horas ap\u00f3s o an\u00fancio da parceria, a <b data-path-to-node=\"9\" data-index-in-node=\"173\">\u0641\u064a\u0643\u062a\u0648\u0631 \u0641\u0648\u062f\u0632<\/b> viu seu <b data-path-to-node=\"9\" data-index-in-node=\"198\">valor de mercado<\/b> subir de R$ 91,4 milh\u00f5es para R$ 107,1 milh\u00f5es.<\/p>\r\n<h2 data-path-to-node=\"10\"><b data-path-to-node=\"10\" data-index-in-node=\"0\">Impacto imediato no Valor de Mercado<\/b><\/h2>\r\n<p data-path-to-node=\"11\">O acr\u00e9scimo de R$ 15,7 milh\u00f5es no valor de mercado \u00e9 mais que a metade do acordo de patroc\u00ednio da empresa com o Palmeiras e corresponde a 62,7% do valor do contrato. A quantia total pode chegar a R$ 30 milh\u00f5es, a depender dos b\u00f4nus por atingimento de metas pelo clube.<\/p>\r\n<p data-path-to-node=\"12\">\u201cA participa\u00e7\u00e3o apaixonada da torcida do Palmeiras gerou, em um \u00fanico dia, um ganho no valor de mercado que corresponde a mais da metade do valor total do patroc\u00ednio anual\u201d, disse <a href=\"https:\/\/ri.fictoralimentos.com.br\/ar\/diretorias-conselhos-e-comites\/\">\u0623\u0646\u062f\u0631\u064a\u0647 \u0641\u0627\u0633\u0643\u0648\u0646\u0633\u064a\u0644\u0648\u0633<\/a>, diretor de Estrat\u00e9gia, Planejamento e Rela\u00e7\u00f5es com Investidores da Fictor.<\/p>\r\n<h2 data-path-to-node=\"13\"><b data-path-to-node=\"13\" data-index-in-node=\"0\">A\u00e7\u00f5es FICT3 e visibilidade<\/b><\/h2>\r\n<p data-path-to-node=\"14\">Ap\u00f3s o an\u00fancio do novo patrocinador, as a\u00e7\u00f5es ordin\u00e1rias da Fictor Alimentos (<a href=\"https:\/\/ri.fictoralimentos.com.br\/ar\/graficos-e-cotacoes\/\">FICT3<\/a>) tiveram valoriza\u00e7\u00e3o de 17,18% segundo a publica\u00e7\u00e3o <i data-path-to-node=\"14\" data-index-in-node=\"136\">\u0623\u062e\u0628\u0627\u0631 \u0628\u064a \u0625\u0645 \u0622\u0646\u062f \u0633\u064a<\/i>\u0627\u0644\u0630\u064a \u0623\u0641\u0627\u062f \u0628\u0623\u0646 \u0633\u0639\u0631 \u0633\u0647\u0645 \u0627\u0644\u0634\u0631\u0643\u0629 \u0642\u062f \u062a\u0645 \u062a\u0633\u0639\u064a\u0631\u0647 \u0639\u0646\u062f 4.57 \u0631\u0648\u0628\u064a\u0629 \u062a\u0631\u0643\u064a\u0629 \u0644\u0644\u0642\u0637\u0639\u0629 \u0627\u0644\u0648\u0627\u062d\u062f\u0629.<\/p>\r\n<p data-path-to-node=\"15\">Para Vasconcellos, o patroc\u00ednio deve gerar maior visibilidade \u00e0 marca Fictor e, assim, impulsion\u00e1-la no valor de mercado e capital aberto:<em> \u201cEsse an\u00fancio tornar\u00e1 as a\u00e7\u00f5es FICT3 cada vez mais conhecidas n\u00e3o s\u00f3 por torcedores do Palmeiras mas pelos demais brasileiros.\u201d<\/em><\/p>\r\n\r\n\r\n\r\n<p class=\"\"><a href=\"https:\/\/portaldopalestra.com.br\/palmeiras-faz-patrocinador-elevar-seu-valor-de-mercado-em-r-15-milhoes\/\" target=\"_blank\" rel=\"noopener\">\u0627\u0644\u0645\u0635\u062f\u0631: \u0628\u0648\u0627\u0628\u0629 \u062f\u0648 \u0628\u0627\u0644\u064a\u0633\u062a\u0631\u0627<\/a><\/p>","protected":false},"excerpt":{"rendered":"<p>No \u00faltimo dia 26 de mar\u00e7o o Palmeiras anunciou novo patrocinador m\u00e1ster \u00e0s categorias de Base do clube, o Grupo Fictor. A empresa tamb\u00e9m estampa sua marca nas costas do uniforme dos times profissionais masculino e feminino Alviverdes. A parceria milion\u00e1ria render\u00e1 aos cofres do Palmeiras a quantia de R$ 25 milh\u00f5es\/ano. Mas o lucro [&hellip;]<\/p>\n","protected":false},"author":4,"featured_media":2936,"comment_status":"open","ping_status":"open","sticky":false,"template":"","format":"standard","meta":{"_acf_changed":false,"inline_featured_image":false,"footnotes":""},"categories":[23,43],"tags":[],"class_list":["post-2158","post","type-post","status-publish","format-standard","has-post-thumbnail","hentry","category-noticias","category-portal-do-palmeiras"],"acf":[],"_links":{"self":[{"href":"https:\/\/ri.fictoralimentos.com.br\/ar\/wp-json\/wp\/v2\/posts\/2158","targetHints":{"allow":["GET"]}}],"collection":[{"href":"https:\/\/ri.fictoralimentos.com.br\/ar\/wp-json\/wp\/v2\/posts"}],"about":[{"href":"https:\/\/ri.fictoralimentos.com.br\/ar\/wp-json\/wp\/v2\/types\/post"}],"author":[{"embeddable":true,"href":"https:\/\/ri.fictoralimentos.com.br\/ar\/wp-json\/wp\/v2\/users\/4"}],"replies":[{"embeddable":true,"href":"https:\/\/ri.fictoralimentos.com.br\/ar\/wp-json\/wp\/v2\/comments?post=2158"}],"version-history":[{"count":4,"href":"https:\/\/ri.fictoralimentos.com.br\/ar\/wp-json\/wp\/v2\/posts\/2158\/revisions"}],"predecessor-version":[{"id":2937,"href":"https:\/\/ri.fictoralimentos.com.br\/ar\/wp-json\/wp\/v2\/posts\/2158\/revisions\/2937"}],"wp:featuredmedia":[{"embeddable":true,"href":"https:\/\/ri.fictoralimentos.com.br\/ar\/wp-json\/wp\/v2\/media\/2936"}],"wp:attachment":[{"href":"https:\/\/ri.fictoralimentos.com.br\/ar\/wp-json\/wp\/v2\/media?parent=2158"}],"wp:term":[{"taxonomy":"category","embeddable":true,"href":"https:\/\/ri.fictoralimentos.com.br\/ar\/wp-json\/wp\/v2\/categories?post=2158"},{"taxonomy":"post_tag","embeddable":true,"href":"https:\/\/ri.fictoralimentos.com.br\/ar\/wp-json\/wp\/v2\/tags?post=2158"}],"curies":[{"name":"wp","href":"https:\/\/api.w.org\/{rel}","templated":true}]}}