{"id":2234,"date":"2025-04-30T13:15:00","date_gmt":"2025-04-30T13:15:00","guid":{"rendered":"https:\/\/ri.fictoralimentos.com.br\/?p=2234"},"modified":"2026-01-05T20:09:36","modified_gmt":"2026-01-05T20:09:36","slug":"fictor-alimentos-ma-exportacao-de-suinos","status":"publish","type":"post","link":"https:\/\/ri.fictoralimentos.com.br\/ar\/fictor-alimentos-ma-exportacao-de-suinos\/","title":{"rendered":"\u0634\u0631\u0643\u0629 Fictor Alimentos \u062a\u0642\u0648\u0645 \u0628\u0623\u0648\u0644 \u0639\u0645\u0644\u064a\u0629 \u0627\u0646\u062f\u0645\u0627\u062c \u0648\u0627\u0633\u062a\u062d\u0648\u0627\u0630 \u0648\u062a\u0647\u062f\u0641 \u0625\u0644\u0649 \u062a\u0635\u062f\u064a\u0631 \u0627\u0644\u062e\u0646\u0627\u0632\u064a\u0631 \u0625\u0644\u0649 \u0627\u0644\u0634\u0631\u0642 \u0627\u0644\u0623\u0648\u0633\u0637 \u0648\u0623\u0641\u0631\u064a\u0642\u064a\u0627"},"content":{"rendered":"<p data-path-to-node=\"7\"><em>Proposta para aquisi\u00e7\u00e3o da Mellore, em recupera\u00e7\u00e3o judicial desde 2017, foi aprovada pelo administrador judicial e viabiliza a exporta\u00e7\u00e3o de su\u00ednos. Empresa planeja novas aquisi\u00e7\u00f5es de ativos estressados.<\/em><\/p>\r\n<p data-path-to-node=\"8\">A <b data-path-to-node=\"8\" data-index-in-node=\"2\">\u0641\u064a\u0643\u062a\u0648\u0631 \u0641\u0648\u062f\u0632<\/b> entrou no radar dos investidores no fim do ano passado ao fazer um <a href=\"https:\/\/ri.fictoralimentos.com.br\/ar\/o-que-e-o-ipo-reverso-e-por-que-ele-pode-ser-tendencia-para-a-bolsa-em-2025\/\"><b data-path-to-node=\"8\" data-index-in-node=\"86\">\u0627\u0644\u0627\u0643\u062a\u062a\u0627\u0628 \u0627\u0644\u0639\u0627\u0645 \u0627\u0644\u0639\u0643\u0633\u064a<\/b><\/a>. Quatro meses ap\u00f3s esse movimento, a empresa, cujos donos t\u00eam neg\u00f3cios que v\u00e3o do setor financeiro ao agroneg\u00f3cio, concretizou o seu primeiro <b data-path-to-node=\"8\" data-index-in-node=\"240\">M&amp;A<\/b>. Na quarta-feira, 30 de abril, a companhia obteve a aprova\u00e7\u00e3o do administrador judicial para a compra da <a href=\"https:\/\/ri.fictoralimentos.com.br\/ar\/aquisicao-mellore-alimentos-betim\/\"><b data-path-to-node=\"8\" data-index-in-node=\"349\">Mellore Alimentos<\/b><\/a>, por R$ 30,4 milh\u00f5es, empresa em processo de recupera\u00e7\u00e3o judicial (RJ) desde 2017.<\/p>\r\n<p data-path-to-node=\"9\">O valor representa um des\u00e1gio de 67,45% do valor da causa da RJ da Mellore, fixado em R$ 93,4 milh\u00f5es. \u201cCom a homologa\u00e7\u00e3o, n\u00e3o h\u00e1 risco de a Fictor Alimentos sofrer qualquer san\u00e7\u00e3o ou bloqueio por causa de d\u00edvidas da Mellore\u201d, diz Andr\u00e9 Vasconcellos, diretor de Estrat\u00e9gia, Planejamento e Rela\u00e7\u00f5es com Investidores da Fictor Alimentos, ao <i data-path-to-node=\"9\" data-index-in-node=\"339\">Neofeed<\/i>.<\/p>\r\n<h2 data-path-to-node=\"10\"><b data-path-to-node=\"10\" data-index-in-node=\"0\">Estrutura do pagamento e ativos estressados<\/b><\/h2>\r\n<p data-path-to-node=\"11\">\u0648\u0648\u0641\u0642\u0627\u064b \u0644\u0644\u0645\u0633\u0624\u0648\u0644 \u0627\u0644\u062a\u0646\u0641\u064a\u0630\u064a\u060c \u0641\u0625\u0646 \u062c\u062f\u0648\u0644 \u0627\u0644\u0633\u062f\u0627\u062f \u0627\u0644\u0645\u0628\u062f\u0626\u064a \u0633\u064a\u0634\u0645\u0644 \u062f\u064a\u0648\u0646 \u0627\u0644\u0636\u0631\u0627\u0626\u0628 \u0648\u0627\u0644\u0639\u0645\u0627\u0644\u0629. \u0648\u0648\u0641\u0642\u064b\u0627 \u0644\u0644\u0648\u062b\u064a\u0642\u0629 \u0627\u0644\u062a\u064a \u0648\u0627\u0641\u0642 \u0639\u0644\u064a\u0647\u0627 \u0627\u0644\u0648\u0635\u064a\u060c \u0633\u062a\u062f\u0641\u0639 \u0641\u064a\u0643\u062a\u0648\u0631 \u0623\u0644\u064a\u0645\u0646\u062a\u0648\u0633 \u0641\u064a \u0627\u0644\u0628\u062f\u0627\u064a\u0629 \u0645\u0628\u0644\u063a 7.8 \u0645\u0644\u064a\u0648\u0646 \u0631\u0648\u0628\u064a\u0629 \u0631\u0648\u0627\u0646\u062f\u064a\u0629 (7.8 \u0645\u0644\u064a\u0648\u0646 \u0631\u0648\u0628\u064a\u0629)\u060c \u0645\u0646\u0647\u0627 3.9 \u0645\u0644\u064a\u0648\u0646 \u0631\u0648\u0628\u064a\u0629 \u0631\u0648\u0627\u0646\u062f\u064a\u0629 (3.9 \u0645\u0644\u064a\u0648\u0646 \u0631\u0648\u0628\u064a\u0629) \u0633\u064a\u062a\u0645 \u062f\u0641\u0639\u0647\u0627 \u062e\u0644\u0627\u0644 30 \u064a\u0648\u0645\u064b\u0627 \u0645\u0646 \u0627\u0644\u062a\u0635\u062f\u064a\u0642 \u0639\u0644\u0649 \u0627\u062a\u0641\u0627\u0642\u064a\u0629 \u0627\u0644\u0634\u0631\u0627\u0621 \u0648\u0627\u0644\u0628\u0627\u0642\u064a \u0639\u0644\u0649 24 \u0642\u0633\u0637\u064b\u0627. \u0648\u0633\u062a\u0633\u062a\u062e\u062f\u0645 \u0627\u0644\u0623\u0645\u0648\u0627\u0644 \u0644\u0633\u062f\u0627\u062f \u0645\u0637\u0627\u0644\u0628\u0627\u062a \u0627\u0644\u0639\u0637\u0627\u0621\u0627\u062a \u0648\u0627\u0644\u062f\u064a\u0648\u0646 \u0627\u0644\u062a\u064a \u0643\u0627\u0646\u062a \u0645\u0648\u062c\u0648\u062f\u0629 \u0642\u0628\u0644 \u0627\u0644\u062a\u0635\u062f\u064a\u0642 \u0639\u0644\u0649 \u0627\u062a\u0641\u0627\u0642\u064a\u0629 \u0627\u0644\u0634\u0631\u0627\u0621.<\/p>\r\n<p data-path-to-node=\"12\">No plano, a empresa detalha as demais ordens de pagamentos. O foco da empresa \u00e9 justamente a compra de empresas em situa\u00e7\u00f5es de RJ ou em processo falimentar. \u201cO core da empresa \u00e9 buscar <b data-path-to-node=\"12\" data-index-in-node=\"186\">ativos estressados<\/b>. Com isso, a gente consegue assegurar valores bem vantajosos e leva em considera\u00e7\u00e3o tamb\u00e9m o potencial dessas companhias\u201d, afirma Vasconcellos.<\/p>\r\n<p data-path-to-node=\"13\">\u062a\u0642\u0639 \u0648\u062d\u062f\u0629 \u0625\u0646\u062a\u0627\u062c Mellore \u0641\u064a \u0628\u064a\u062a\u064a\u0645 \u0641\u064a \u0645\u064a\u0646\u0627\u0633 \u062c\u064a\u0631\u0627\u064a\u0633\u060c \u0648\u062a\u0628\u0644\u063a \u0645\u0633\u0627\u062d\u062a\u0647\u0627 \u0627\u0644\u0645\u0628\u0646\u064a\u0629 9,000 \u0645\u062a\u0631 \u0645\u0631\u0628\u0639\u060c \u0648\u062a\u0628\u0644\u063a \u0637\u0627\u0642\u062a\u0647\u0627 \u0627\u0644\u0625\u0646\u062a\u0627\u062c\u064a\u0629 1,700 \u0637\u0646 \u0634\u0647\u0631\u064a\u064b\u0627 \u0645\u0646 \u0627\u0644\u0645\u0646\u062a\u062c\u0627\u062a \u0627\u0644\u0646\u0647\u0627\u0626\u064a\u0629 \u0645\u0646 \u0623\u0635\u0644 \u062d\u064a\u0648\u0627\u0646\u064a. \u0648\u0639\u0644\u0649 \u0627\u0644\u0631\u063a\u0645 \u0645\u0646 \u0623\u0646\u0647 \u0645\u0635\u0631\u062d \u0644\u0647\u0627 \u0628\u0627\u0644\u0639\u0645\u0644 \u0641\u064a \u0642\u0637\u0627\u0639 \u0644\u062d\u0648\u0645 \u0627\u0644\u0628\u0642\u0631 \u0648\u0644\u062d\u0645 \u0627\u0644\u062e\u0646\u0632\u064a\u0631\u060c \u0625\u0644\u0627 \u0623\u0646 1001 \u0637\u0646 \u0645\u0646 \u0625\u0646\u062a\u0627\u062c Mellore \u0627\u0644\u064a\u0648\u0645 \u0647\u0648 \u0644\u062d\u0645 \u0627\u0644\u062e\u0646\u0632\u064a\u0631.<\/p>\r\n<h2 data-path-to-node=\"14\"><b data-path-to-node=\"14\" data-index-in-node=\"0\">Foco na exporta\u00e7\u00e3o de su\u00ednos<\/b><\/h2>\r\n<p data-path-to-node=\"15\">Al\u00e9m de aprimorar os processos produtivos, a Fictor Alimentos pretende adotar uma pol\u00edtica de exporta\u00e7\u00e3o de su\u00ednos, aproveitando a habilita\u00e7\u00e3o da Mellore concedida em 2015 pelo Minist\u00e9rio da Agricultura, Pecu\u00e1ria e Abastecimento, mas que n\u00e3o era explorada de forma representativa pelos atuais donos.<\/p>\r\n<p data-path-to-node=\"16\">A lista contempla 100 pa\u00edses em que a empresa pode atuar na exporta\u00e7\u00e3o de su\u00ednos, como Hong Kong, Catar e Emirados \u00c1rabes e mercados na Am\u00e9rica do Sul. O foco, segundo Vasconcellos, ser\u00e1 inicialmente Oriente M\u00e9dio e continente africano.<\/p>\r\n<p data-path-to-node=\"17\">Hoje o mercado de prote\u00edna animal no Brasil \u00e9 dominado por quatro grandes companhias: JBS, BRF, Marfrig e Minerva. Mas h\u00e1 uma pulveriza\u00e7\u00e3o de empresas menores que atendem o mercado, principalmente em escala regional.E \u00e9 nesse fil\u00e3o que a Fictor Alimentos pretende atuar.<\/p>\r\n<p data-path-to-node=\"17\">Com a mudan\u00e7a, a Mellore deve adotar o nome da compradora. Ainda n\u00e3o est\u00e1 definido como ficar\u00e3o as marcas dos produtos comercializados, mas a expectativa \u00e9 que a senten\u00e7a aprovando a compra saia antes do fim do segundo trimestre. O processo tramita na Vara Empresarial, da Fazenda P\u00fablica e Autarquias, de Registros P\u00fablicos e de Acidentes do Trabalho da Comarca de Betim.<\/p>\r\n<h2 data-path-to-node=\"18\"><b data-path-to-node=\"18\" data-index-in-node=\"0\">Expans\u00e3o e novos M&amp;As<\/b><\/h2>\r\n<p data-path-to-node=\"19\">\u062a\u062a\u0645\u062b\u0644 \u062e\u0637\u0629 \u0634\u0631\u0643\u0629 Fictor Alimentos \u0641\u064a \u0625\u062c\u0631\u0627\u0621 \u0627\u0644\u0645\u0632\u064a\u062f \u0645\u0646 \u0639\u0645\u0644\u064a\u0627\u062a \u0627\u0644\u0627\u0633\u062a\u062d\u0648\u0627\u0630 \u0628\u062d\u0644\u0648\u0644 \u0639\u0627\u0645 2025. \"\u0646\u062d\u0646 \u0646\u062a\u0637\u0644\u0639 \u0625\u0644\u0649 \u0634\u0631\u0643\u0627\u062a \u0627\u0644\u062f\u0648\u0627\u062c\u0646 \u0648\u0627\u0644\u0623\u0633\u0645\u0627\u0643 \u0648\u0627\u0644\u0645\u0623\u0643\u0648\u0644\u0627\u062a \u0627\u0644\u0628\u062d\u0631\u064a\u0629.\" \u0648\u0644\u062a\u062d\u0642\u064a\u0642 \u0647\u0630\u0647 \u0627\u0644\u063a\u0627\u064a\u0629\u060c \u062d\u0635\u0644\u062a \u0627\u0644\u0634\u0631\u0643\u0629 \u0628\u0627\u0644\u0641\u0639\u0644 \u0639\u0644\u0649 \u062a\u0641\u0648\u064a\u0636 \u0628\u0632\u064a\u0627\u062f\u0629 \u0631\u0623\u0633 \u0627\u0644\u0645\u0627\u0644\u060c \u0645\u0639 \u0645\u0633\u0627\u0647\u0645\u0627\u062a \u0645\u0646 \u0627\u0644\u0645\u0633\u0627\u0647\u0645\u064a\u0646 \u0627\u0644\u062a\u064a \u0633\u062a\u0642\u0648\u062f \u0647\u0630\u0647 \u0627\u0644\u062d\u0631\u0643\u0629. \u0648\u0645\u0639 \u0630\u0644\u0643\u060c \u0644\u0645 \u064a\u062a\u0645 \u062a\u062d\u062f\u064a\u062f \u0623\u064a \u0645\u0628\u0644\u063a \u0644\u0639\u0645\u0644\u064a\u0627\u062a \u0627\u0644\u0627\u0646\u062f\u0645\u0627\u062c \u0648\u0627\u0644\u0627\u0633\u062a\u062d\u0648\u0627\u0630 \u0627\u0644\u0642\u0627\u062f\u0645\u0629.<\/p>\r\n<h2 data-path-to-node=\"20\"><b data-path-to-node=\"20\" data-index-in-node=\"0\">Entenda o IPO Reverso<\/b><\/h2>\r\n<p data-path-to-node=\"21\">\u062a\u0645 \u0625\u0646\u0634\u0627\u0621 \u0634\u0631\u0643\u0629 Fictor Alimentos \u0645\u0646 \u0642\u0628\u0644 \u0634\u0631\u0643\u0629 Fictor Holding\u060c \u0627\u0644\u062a\u064a \u0644\u062f\u064a\u0647\u0627 \u0627\u0633\u062a\u062b\u0645\u0627\u0631\u0627\u062a \u0641\u064a \u0627\u0644\u0642\u0637\u0627\u0639 \u0627\u0644\u0645\u0627\u0644\u064a \u0648\u0627\u0644\u0623\u0639\u0645\u0627\u0644 \u0627\u0644\u062a\u062c\u0627\u0631\u064a\u0629 \u0627\u0644\u0632\u0631\u0627\u0639\u064a\u0629\u060c \u0645\u062b\u0644 \u0627\u0644\u0639\u0644\u0627\u0645\u0627\u062a \u0627\u0644\u062a\u062c\u0627\u0631\u064a\u0629 Dr Food \u0648Fredini \u0648Vensa\u060c \u0648\u0634\u0631\u0643\u0629 Aqwa Capital\u060c \u0627\u0644\u062a\u064a \u0644\u062f\u064a\u0647\u0627 \u0623\u0635\u0648\u0644 \u062a\u062c\u0627\u0631\u064a\u0629 \u0632\u0631\u0627\u0639\u064a\u0629 \u0645\u0631\u062a\u0628\u0637\u0629 \u0628\u0625\u0646\u062a\u0627\u062c \u0627\u0644\u0632\u064a\u062a \u0648\u0627\u0644\u0641\u0648\u0644 \u0627\u0644\u0633\u0648\u062f\u0627\u0646\u064a. \u0648\u0644\u0625\u0646\u0634\u0627\u0621 \u0634\u0631\u0643\u0629 Fictor Alimentos\u060c \u0627\u0633\u062a\u062d\u0648\u0630\u062a \u0627\u0644\u0634\u0631\u0643\u0629 \u0639\u0644\u0649 \u0634\u0631\u0643\u0629 Atom Participa\u00e7\u00f5es\u060c \u0648\u0647\u064a \u0634\u0631\u0643\u0629 \u0645\u062f\u0631\u062c\u0629 \u0641\u064a \u0628\u0648\u0631\u0635\u0629 B3 \u0623\u0633\u0633\u0647\u0627 \u0643\u0627\u0631\u0648\u0644 \u0628\u064a\u0641\u0631 \u0648\u062c\u0648\u0627\u0643\u064a\u0645 \u0628\u064a\u0641\u0631 \u0644\u062a\u062f\u0631\u064a\u0628 \u0627\u0644\u062a\u062c\u0627\u0631.<\/p>\r\n<p data-path-to-node=\"22\">Ap\u00f3s a aquisi\u00e7\u00e3o, eles aproveitaram a &#8220;carca\u00e7a&#8221; da Atom na B3 e concretizaram o IPO reverso. Juntas, Fictor Holding e Aqwa det\u00e9m 76,5% de participa\u00e7\u00e3o acion\u00e1ria. Os outros 23,5% est\u00e3o em circula\u00e7\u00e3o no mercado. S\u00e3o 5.043 acionistas, dos quais 95% s\u00e3o de pessoas f\u00edsicas.<\/p>\r\n<p data-path-to-node=\"23\">O valor que a Fictor Alimentos ir\u00e1 desembolsar para a compra da Mellore \u00e9 superior inclusive ao que foi pago aos antigos donos da Atom Participa\u00e7\u00f5es no ano passado, no valor de R$ 20 milh\u00f5es. \u201cIsso mostra o quanto poderemos crescer com essa aquisi\u00e7\u00e3o. A mensagem que passamos ao mercado \u00e9 que a Fictor Alimentos est\u00e1 capitalizada e preparada para crescer de forma significativa\u201d, diz Vasconcellos.<\/p>\r\n<p data-path-to-node=\"24\">\u0627\u0631\u062a\u0641\u0639\u062a \u0623\u0633\u0647\u0645 \u0634\u0631\u0643\u0629 Fictor Alimentos \u0641\u064a B3 \u0628\u0645\u0642\u062f\u0627\u0631 28.391 \u0631\u0648\u0628\u064a\u0629 \u062a\u0631\u0643\u064a\u0629 \u0641\u064a \u0627\u0644\u0639\u0627\u0645 \u062d\u062a\u0649 \u0639\u0627\u0645 2025. \u0648\u062a\u0628\u0644\u063a \u0642\u064a\u0645\u0629 \u0627\u0644\u0634\u0631\u0643\u0629 96.70 \u0645\u0644\u064a\u0648\u0646 \u0631\u0648\u0628\u064a\u0629 \u062a\u0631\u0643\u064a\u0629 R$.<\/p>\r\n<p class=\"\"><a href=\"http:\/\/www.neofeed.com.br\/negocios\/fictor-alimentos-faz-primeiro-ma-e-mira-exportacao-de-suinos-para-oriente-medio-e-africa\" target=\"_blank\" rel=\"noopener\">\u0627\u0644\u0645\u0635\u062f\u0631: NEOFEED<\/a><\/p>","protected":false},"excerpt":{"rendered":"<p>Proposta para aquisi\u00e7\u00e3o da Mellore, em recupera\u00e7\u00e3o judicial desde 2017, foi aprovada pelo administrador judicial e viabiliza a exporta\u00e7\u00e3o de su\u00ednos. Empresa planeja novas aquisi\u00e7\u00f5es de ativos estressados. A Fictor Alimentos entrou no radar dos investidores no fim do ano passado ao fazer um IPO reverso. Quatro meses ap\u00f3s esse movimento, a empresa, cujos donos [&hellip;]<\/p>\n","protected":false},"author":4,"featured_media":2916,"comment_status":"closed","ping_status":"closed","sticky":false,"template":"","format":"standard","meta":{"_acf_changed":false,"inline_featured_image":false,"footnotes":""},"categories":[28,51],"tags":[],"class_list":["post-2234","post","type-post","status-publish","format-standard","has-post-thumbnail","hentry","category-entrevista","category-neofeed"],"acf":[],"_links":{"self":[{"href":"https:\/\/ri.fictoralimentos.com.br\/ar\/wp-json\/wp\/v2\/posts\/2234","targetHints":{"allow":["GET"]}}],"collection":[{"href":"https:\/\/ri.fictoralimentos.com.br\/ar\/wp-json\/wp\/v2\/posts"}],"about":[{"href":"https:\/\/ri.fictoralimentos.com.br\/ar\/wp-json\/wp\/v2\/types\/post"}],"author":[{"embeddable":true,"href":"https:\/\/ri.fictoralimentos.com.br\/ar\/wp-json\/wp\/v2\/users\/4"}],"replies":[{"embeddable":true,"href":"https:\/\/ri.fictoralimentos.com.br\/ar\/wp-json\/wp\/v2\/comments?post=2234"}],"version-history":[{"count":4,"href":"https:\/\/ri.fictoralimentos.com.br\/ar\/wp-json\/wp\/v2\/posts\/2234\/revisions"}],"predecessor-version":[{"id":2917,"href":"https:\/\/ri.fictoralimentos.com.br\/ar\/wp-json\/wp\/v2\/posts\/2234\/revisions\/2917"}],"wp:featuredmedia":[{"embeddable":true,"href":"https:\/\/ri.fictoralimentos.com.br\/ar\/wp-json\/wp\/v2\/media\/2916"}],"wp:attachment":[{"href":"https:\/\/ri.fictoralimentos.com.br\/ar\/wp-json\/wp\/v2\/media?parent=2234"}],"wp:term":[{"taxonomy":"category","embeddable":true,"href":"https:\/\/ri.fictoralimentos.com.br\/ar\/wp-json\/wp\/v2\/categories?post=2234"},{"taxonomy":"post_tag","embeddable":true,"href":"https:\/\/ri.fictoralimentos.com.br\/ar\/wp-json\/wp\/v2\/tags?post=2234"}],"curies":[{"name":"wp","href":"https:\/\/api.w.org\/{rel}","templated":true}]}}