{"id":2188,"date":"2025-05-02T13:52:43","date_gmt":"2025-05-02T13:52:43","guid":{"rendered":"https:\/\/ri.fictoralimentos.com.br\/?p=2188"},"modified":"2026-01-05T19:23:55","modified_gmt":"2026-01-05T19:23:55","slug":"fictor-compra-mellore-alimentos","status":"publish","type":"post","link":"https:\/\/ri.fictoralimentos.com.br\/en\/fictor-compra-mellore-alimentos\/","title":{"rendered":"With an eye on pork exports, Fictor Alimentos buys Mellore"},"content":{"rendered":"<p data-path-to-node=\"9\">A <a href=\"https:\/\/ri.fictoralimentos.com.br\/en\/fictor-alimentos\/\"><b data-path-to-node=\"9\" data-index-in-node=\"2\">Fictor Foods<\/b><\/a> (FICT3) deu um passo importante na consolida\u00e7\u00e3o de sua estrat\u00e9gia de crescimento inorg\u00e2nico ao adquirir a unidade produtiva da <b data-path-to-node=\"9\" data-index-in-node=\"146\">Mellore Alimentos<\/b>. A transa\u00e7\u00e3o movimentou R$ 30,4 milh\u00f5es. A planta, que opera sob inspe\u00e7\u00e3o federal (SIF) desde 2015, possui autoriza\u00e7\u00e3o para processar bovinos e su\u00ednos, mas atualmente dedica 100% de sua capacidade \u00e0 carne su\u00edna \u2014 segmento que a Fictor enxerga como promissor para exporta\u00e7\u00f5es.<\/p>\r\n<p data-path-to-node=\"10\">A opera\u00e7\u00e3o marca a primeira aquisi\u00e7\u00e3o da Fictor desde sua estreia na <a href=\"https:\/\/ri.fictoralimentos.com.br\/en\/graficos-e-cotacoes\/\"><b data-path-to-node=\"10\" data-index-in-node=\"69\">B3<\/b><\/a>, h\u00e1 pouco mais de quatro meses, via IPO reverso. A proposta foi aprovada nesta semana pelo administrador judicial respons\u00e1vel pela recupera\u00e7\u00e3o da <b data-path-to-node=\"10\" data-index-in-node=\"218\">Mellore Alimentos<\/b>, e depende ainda do cumprimento de condi\u00e7\u00f5es resolutivas previstas no processo.<\/p>\r\n<h2 data-path-to-node=\"11\"><b data-path-to-node=\"11\" data-index-in-node=\"0\">Detalhes da planta da Mellore Alimentos em Betim<\/b><\/h2>\r\n<p data-path-to-node=\"12\">Com 8.969 m\u00b2 de \u00e1rea constru\u00edda em um terreno de 5,4 hectares, a unidade localizada em Betim (MG) tem capacidade de produzir 1.691 toneladas por m\u00eas de produtos acabados de origem animal. A aquisi\u00e7\u00e3o foi formalizada em proposta fechada e ratificada pelo Conselho de Administra\u00e7\u00e3o da Fictor no dia 29 de abril de 2025.<\/p>\r\n<p data-path-to-node=\"13\">\u201cEsse movimento est\u00e1 alinhado com o plano estrat\u00e9gico da companhia de buscar ativos complementares e que tragam retorno financeiro acima do custo de capital\u201d, afirma Andr\u00e9 Vasconcellos, diretor de Estrat\u00e9gia, Planejamento e Rela\u00e7\u00f5es com Investidores da companhia.<\/p>\r\n<p data-path-to-node=\"14\">The value of the transaction will be used to pay the company's obligations under judicial reorganization, including judicial and extrajudicial claims, trustee's fees and tax claims that have yet to be defined. Part of the amount has already been anticipated by a vehicle linked to one of Fictor's controlling shareholders.<\/p>\r\n<h2 data-path-to-node=\"15\"><b data-path-to-node=\"15\" data-index-in-node=\"0\">Estrutura da transa\u00e7\u00e3o (UPI)<\/b><\/h2>\r\n<p data-path-to-node=\"16\">Por se tratar da compra de uma Unidade Produtiva Isolada (UPI), a Fictor n\u00e3o herdar\u00e1 passivos ou d\u00edvidas da <b data-path-to-node=\"16\" data-index-in-node=\"108\">Mellore Alimentos<\/b>, conforme previsto na Lei n\u00ba 11.101\/2005. A estrutura de pagamento ser\u00e1 viabilizada por meio de um aumento de capital privado, com direito de prefer\u00eancia para os atuais acionistas.<\/p>\r\n<p data-path-to-node=\"17\">A Fictor Alimentos surgiu com o objetivo de consolidar opera\u00e7\u00f5es no setor de carne e prote\u00edna animal, atuando especialmente na aquisi\u00e7\u00e3o de ativos estressados com capacidade de gera\u00e7\u00e3o de caixa. A companhia pretende continuar explorando oportunidades de compra no mercado e ampliar sua presen\u00e7a nos canais de exporta\u00e7\u00e3o, aproveitando a estrutura da nova planta adquirida da <b data-path-to-node=\"17\" data-index-in-node=\"374\">Mellore Alimentos<\/b>.<\/p>\r\n\r\n\r\n\r\n<p class=\"\">Source: BM&amp;C News: <a href=\"https:\/\/bmcnews.com.br\/2025\/05\/02\/de-olho-na-exportacao-de-carne-suina-fictor-alimentos-compra-mellore\/\" target=\"_blank\" rel=\"noopener\">With an eye on pork exports, Fictor Alimentos buys Mellore<\/a><\/p>","protected":false},"excerpt":{"rendered":"<p>A Fictor Alimentos (FICT3) deu um passo importante na consolida\u00e7\u00e3o de sua estrat\u00e9gia de crescimento inorg\u00e2nico ao adquirir a unidade produtiva da Mellore Alimentos. A transa\u00e7\u00e3o movimentou R$ 30,4 milh\u00f5es. A planta, que opera sob inspe\u00e7\u00e3o federal (SIF) desde 2015, possui autoriza\u00e7\u00e3o para processar bovinos e su\u00ednos, mas atualmente dedica 100% de sua capacidade \u00e0 [&hellip;]<\/p>\n","protected":false},"author":4,"featured_media":2910,"comment_status":"open","ping_status":"open","sticky":false,"template":"","format":"standard","meta":{"_acf_changed":false,"inline_featured_image":false,"footnotes":""},"categories":[29,23],"tags":[],"class_list":["post-2188","post","type-post","status-publish","format-standard","has-post-thumbnail","hentry","category-bmc-news","category-noticias"],"acf":[],"_links":{"self":[{"href":"https:\/\/ri.fictoralimentos.com.br\/en\/wp-json\/wp\/v2\/posts\/2188","targetHints":{"allow":["GET"]}}],"collection":[{"href":"https:\/\/ri.fictoralimentos.com.br\/en\/wp-json\/wp\/v2\/posts"}],"about":[{"href":"https:\/\/ri.fictoralimentos.com.br\/en\/wp-json\/wp\/v2\/types\/post"}],"author":[{"embeddable":true,"href":"https:\/\/ri.fictoralimentos.com.br\/en\/wp-json\/wp\/v2\/users\/4"}],"replies":[{"embeddable":true,"href":"https:\/\/ri.fictoralimentos.com.br\/en\/wp-json\/wp\/v2\/comments?post=2188"}],"version-history":[{"count":4,"href":"https:\/\/ri.fictoralimentos.com.br\/en\/wp-json\/wp\/v2\/posts\/2188\/revisions"}],"predecessor-version":[{"id":2911,"href":"https:\/\/ri.fictoralimentos.com.br\/en\/wp-json\/wp\/v2\/posts\/2188\/revisions\/2911"}],"wp:featuredmedia":[{"embeddable":true,"href":"https:\/\/ri.fictoralimentos.com.br\/en\/wp-json\/wp\/v2\/media\/2910"}],"wp:attachment":[{"href":"https:\/\/ri.fictoralimentos.com.br\/en\/wp-json\/wp\/v2\/media?parent=2188"}],"wp:term":[{"taxonomy":"category","embeddable":true,"href":"https:\/\/ri.fictoralimentos.com.br\/en\/wp-json\/wp\/v2\/categories?post=2188"},{"taxonomy":"post_tag","embeddable":true,"href":"https:\/\/ri.fictoralimentos.com.br\/en\/wp-json\/wp\/v2\/tags?post=2188"}],"curies":[{"name":"wp","href":"https:\/\/api.w.org\/{rel}","templated":true}]}}