{"id":1148,"date":"2024-10-18T00:09:00","date_gmt":"2024-10-18T00:09:00","guid":{"rendered":"https:\/\/ri.fictoralimentos.com.br\/?p=1148"},"modified":"2026-01-06T20:15:47","modified_gmt":"2026-01-06T20:15:47","slug":"atom-vira-fictor-atom-educacao-cisao-b3","status":"publish","type":"post","link":"https:\/\/ri.fictoralimentos.com.br\/es\/atom-vira-fictor-atom-educacao-cisao-b3\/","title":{"rendered":"Atom se convierte en Fictor y Atom Educa\u00e7\u00e3o cotizar\u00e1 en B3"},"content":{"rendered":"<p class=\"\"><em>La escisi\u00f3n permitir\u00e1 a Atom Educa\u00e7\u00e3o convertirse en una empresa p\u00fablica, con acciones cotizadas en B3, el segmento b\u00e1sico<br \/><\/em><\/p>\r\n\r\n\r\n\r\n<p>A Atom Educa\u00e7\u00e3o se prepara para se tornar uma companhia aberta independente ap\u00f3s a Atom Participa\u00e7\u00f5es (<a href=\"https:\/\/dinheirama.com\/cotacoes\/atom-atom3\/\" target=\"_blank\" rel=\"noopener\">ATOM3<\/a>) realizar uma Assembleia Geral Extraordin\u00e1ria (AGE) no dia 17 de outubro de 2024. O encontro, em formato digital, aprovou importantes decis\u00f5es estrat\u00e9gicas, sendo a principal pauta a cis\u00e3o parcial da empresa, transferindo parte de seu patrim\u00f4nio para a Atom Educa\u00e7\u00e3o e Editora, uma subsidi\u00e1ria integral, <a href=\"https:\/\/www.rad.cvm.gov.br\/ENET\/frmExibirArquivoIPEExterno.aspx?NumeroProtocoloEntrega=1292611\" target=\"_blank\" rel=\"noopener\">muestra una declaraci\u00f3n enviada al mercado<\/a>.<\/p>\r\n<p>La escisi\u00f3n supuso la incorporaci\u00f3n de 70% de los fondos propios de Atom, constituidos por derechos de propiedad intelectual, valorados sobre la base de balances hasta el 30 de junio de 2024.<\/p>\r\n<h2>O futuro da Atom Educa\u00e7\u00e3o na B3<\/h2>\r\n<p>La escisi\u00f3n permitir\u00e1 que Atom Educa\u00e7\u00e3o se convierta en una empresa p\u00fablica, con acciones cotizadas en B3, segmento b\u00e1sico. Los accionistas tambi\u00e9n autorizaron al consejo de administraci\u00f3n a tomar todas las medidas necesarias para completar la operaci\u00f3n, que incluye la obtenci\u00f3n de aprobaciones regulatorias, como el registro de Atom Educa\u00e7\u00e3o en la CVM como empresa p\u00fablica de categor\u00eda A.<\/p>\r\n<h2>Atom vira Fictor Alimentos S.A.<\/h2>\r\n<p>Outro ponto importante discutido foi a altera\u00e7\u00e3o do estatuto social, adaptando-o \u00e0 nova realidade da empresa ap\u00f3s a sa\u00edda da Atom Educa\u00e7\u00e3o. O capital social foi reduzido para R$ 10,48 milh\u00f5es, refletindo a transfer\u00eancia dos ativos.<\/p>\r\n<p>Al\u00e9m disso, foi aprovada a altera\u00e7\u00e3o da denomina\u00e7\u00e3o social da empresa, que passar\u00e1 a se chamar <a href=\"https:\/\/ri.fictoralimentos.com.br\/es\/fictor-alimentos\/\">Fictor Alimentos S.A.<\/a>, alinhando-se ao novo foco de neg\u00f3cios no setor aliment\u00edcio. A reforma do estatuto social incluiu a mudan\u00e7a do objeto social, que agora se dedicar\u00e1 a atividades como a cria\u00e7\u00e3o de frangos para corte e a produ\u00e7\u00e3o de pintos de um dia.<\/p>\r\n<h2>Nova Gest\u00e3o e Direito de Recesso<\/h2>\r\n<p>La Asamblea tambi\u00e9n eligi\u00f3 nuevos miembros del Consejo de Administraci\u00f3n, entre ellos M\u00e1rcia Campos, Maur\u00edcio Mendes Dutra, <a href=\"https:\/\/www.linkedin.com\/in\/phillipperubini\/\" target=\"_blank\" rel=\"noopener\">Luiz Phillipe Gomes Rubini<\/a> e <a href=\"https:\/\/www.linkedin.com\/in\/rafaelgois\/\" target=\"_blank\" rel=\"noopener\">Rafael Ribeiro Leite de Gois<\/a>, com mandato at\u00e9 2026.<\/p>\r\n<p>Al\u00e9m disso, foi aprovado o direito de recesso aos acionistas dissidentes da opera\u00e7\u00e3o, que poder\u00e3o receber R$ 1,64 por a\u00e7\u00e3o. Esse direito ser\u00e1 exercido apenas ap\u00f3s a efetiva\u00e7\u00e3o da cis\u00e3o, prevista para ocorrer quando a Atom Educa\u00e7\u00e3o for listada na B3 e registrada na CVM.<\/p>\r\n<p>No total, as mudan\u00e7as visam otimizar a estrutura organizacional, possibilitando o foco da Fictor no novo segmento de atua\u00e7\u00e3o e a independ\u00eancia da Atom Educa\u00e7\u00e3o.<\/p>\r\n\r\n\r\n\r\n<p class=\"\"><a href=\"https:\/\/pt.scribd.com\/document\/781327580\/Atom-015423000101011-1\" target=\"_blank\" rel=\"noopener\">V\u00e9ase el comunicado de prensa de Atom<\/a><\/p>\r\n\r\n\r\n\r\n<p class=\"\"><a href=\"https:\/\/dinheirama.com\/atom-vira-fictor-e-ira-criar-galinhas-atom-educacao-ficara-na-b3\/\" target=\"_blank\" rel=\"noopener\">Fuente: Art\u00edculo publicado por el sitio web Dinheirama<\/a><\/p>","protected":false},"excerpt":{"rendered":"<p>Foi aprovada a altera\u00e7\u00e3o da denomina\u00e7\u00e3o social da empresa, que passar\u00e1 a se chamar Fictor Alimentos S.A., alinhando-se ao novo foco de neg\u00f3cios no setor aliment\u00edcio.<\/p>","protected":false},"author":4,"featured_media":2991,"comment_status":"open","ping_status":"open","sticky":false,"template":"","format":"standard","meta":{"_acf_changed":false,"inline_featured_image":false,"footnotes":""},"categories":[23],"tags":[],"class_list":["post-1148","post","type-post","status-publish","format-standard","has-post-thumbnail","hentry","category-noticias"],"acf":[],"_links":{"self":[{"href":"https:\/\/ri.fictoralimentos.com.br\/es\/wp-json\/wp\/v2\/posts\/1148","targetHints":{"allow":["GET"]}}],"collection":[{"href":"https:\/\/ri.fictoralimentos.com.br\/es\/wp-json\/wp\/v2\/posts"}],"about":[{"href":"https:\/\/ri.fictoralimentos.com.br\/es\/wp-json\/wp\/v2\/types\/post"}],"author":[{"embeddable":true,"href":"https:\/\/ri.fictoralimentos.com.br\/es\/wp-json\/wp\/v2\/users\/4"}],"replies":[{"embeddable":true,"href":"https:\/\/ri.fictoralimentos.com.br\/es\/wp-json\/wp\/v2\/comments?post=1148"}],"version-history":[{"count":6,"href":"https:\/\/ri.fictoralimentos.com.br\/es\/wp-json\/wp\/v2\/posts\/1148\/revisions"}],"predecessor-version":[{"id":2992,"href":"https:\/\/ri.fictoralimentos.com.br\/es\/wp-json\/wp\/v2\/posts\/1148\/revisions\/2992"}],"wp:featuredmedia":[{"embeddable":true,"href":"https:\/\/ri.fictoralimentos.com.br\/es\/wp-json\/wp\/v2\/media\/2991"}],"wp:attachment":[{"href":"https:\/\/ri.fictoralimentos.com.br\/es\/wp-json\/wp\/v2\/media?parent=1148"}],"wp:term":[{"taxonomy":"category","embeddable":true,"href":"https:\/\/ri.fictoralimentos.com.br\/es\/wp-json\/wp\/v2\/categories?post=1148"},{"taxonomy":"post_tag","embeddable":true,"href":"https:\/\/ri.fictoralimentos.com.br\/es\/wp-json\/wp\/v2\/tags?post=1148"}],"curies":[{"name":"wp","href":"https:\/\/api.w.org\/{rel}","templated":true}]}}