{"id":1909,"date":"2025-02-12T19:51:47","date_gmt":"2025-02-12T19:51:47","guid":{"rendered":"https:\/\/ri.fictoralimentos.com.br\/?p=1909"},"modified":"2026-01-06T13:55:21","modified_gmt":"2026-01-06T13:55:21","slug":"entrevista-eai-invest-fictor-alimentos","status":"publish","type":"post","link":"https:\/\/ri.fictoralimentos.com.br\/es\/entrevista-eai-invest-fictor-alimentos\/","title":{"rendered":"Entrevista con el canal Eai Invest"},"content":{"rendered":"<h2><a href=\"https:\/\/www.youtube.com\/watch?v=hIuaL4S9CwQ\" data-type=\"link\" data-id=\"https:\/\/www.youtube.com\/watch?v=hIuaL4S9CwQ\" target=\"_blank\" rel=\"noopener\"><strong>Vea la entrevista completa<\/strong><\/a><strong><a href=\"https:\/\/ri.fictoralimentos.com.br\/es\/videos\/fictor-alimentos-entrevista-ao-canal-eai-invest\/\" data-type=\"link\" data-id=\"https:\/\/ri.fictoralimentos.com.br\/videos\/fictor-alimentos-entrevista-ao-canal-eai-invest\/\"> &#8211; Clique Aqui<\/a><\/strong><\/h2>\r\n\r\n\r\n\r\n<p class=\"\">O apresentador Guilherme Henrique Cunha do programa Morning Call, promovido pelo canal Eai Invest, entrevista o <a href=\"https:\/\/ri.fictoralimentos.com.br\/es\/diretorias-conselhos-e-comites\/\">Andr\u00e9 Vasconcellos<\/a>, Diretor Estatut\u00e1rio de Estrat\u00e9gia, Planejamento e Rela\u00e7\u00f5es com os Investidores da companhia sobre a entrada da Fictor Alimentos S.A. na B3 (Bolsa de Valores de S\u00e3o Paulo).<\/p>\r\n\r\n\r\n\r\n<p class=\"\">La entrevista en directo se centr\u00f3 en la visi\u00f3n estrat\u00e9gica a largo plazo de la empresa, sus valores y c\u00f3mo pretende alcanzar sus objetivos a largo plazo; los mayores retos y las oportunidades m\u00e1s prometedoras para el futuro de la empresa en el mercado de capitales; la cultura corporativa, la gesti\u00f3n del talento y el gobierno corporativo como partes importantes del crecimiento sostenible de la empresa cotizada; y las estrategias para generar valor a largo plazo para los accionistas y el mercado en general.<\/p>","protected":false},"excerpt":{"rendered":"<p>Confira a Entrevista na \u00edntegra &#8211; Clique Aqui O apresentador Guilherme Henrique Cunha do programa Morning Call, promovido pelo canal Eai Invest, entrevista o Andr\u00e9 Vasconcellos, Diretor Estatut\u00e1rio de Estrat\u00e9gia, Planejamento e Rela\u00e7\u00f5es com os Investidores da companhia sobre a entrada da Fictor Alimentos S.A. na B3 (Bolsa de Valores de S\u00e3o Paulo). A entrevista [&hellip;]<\/p>\n","protected":false},"author":4,"featured_media":2478,"comment_status":"open","ping_status":"open","sticky":false,"template":"","format":"standard","meta":{"_acf_changed":false,"inline_featured_image":false,"footnotes":""},"categories":[36,28],"tags":[],"class_list":["post-1909","post","type-post","status-publish","format-standard","has-post-thumbnail","hentry","category-eai-invest","category-entrevista"],"acf":[],"_links":{"self":[{"href":"https:\/\/ri.fictoralimentos.com.br\/es\/wp-json\/wp\/v2\/posts\/1909","targetHints":{"allow":["GET"]}}],"collection":[{"href":"https:\/\/ri.fictoralimentos.com.br\/es\/wp-json\/wp\/v2\/posts"}],"about":[{"href":"https:\/\/ri.fictoralimentos.com.br\/es\/wp-json\/wp\/v2\/types\/post"}],"author":[{"embeddable":true,"href":"https:\/\/ri.fictoralimentos.com.br\/es\/wp-json\/wp\/v2\/users\/4"}],"replies":[{"embeddable":true,"href":"https:\/\/ri.fictoralimentos.com.br\/es\/wp-json\/wp\/v2\/comments?post=1909"}],"version-history":[{"count":6,"href":"https:\/\/ri.fictoralimentos.com.br\/es\/wp-json\/wp\/v2\/posts\/1909\/revisions"}],"predecessor-version":[{"id":2947,"href":"https:\/\/ri.fictoralimentos.com.br\/es\/wp-json\/wp\/v2\/posts\/1909\/revisions\/2947"}],"wp:featuredmedia":[{"embeddable":true,"href":"https:\/\/ri.fictoralimentos.com.br\/es\/wp-json\/wp\/v2\/media\/2478"}],"wp:attachment":[{"href":"https:\/\/ri.fictoralimentos.com.br\/es\/wp-json\/wp\/v2\/media?parent=1909"}],"wp:term":[{"taxonomy":"category","embeddable":true,"href":"https:\/\/ri.fictoralimentos.com.br\/es\/wp-json\/wp\/v2\/categories?post=1909"},{"taxonomy":"post_tag","embeddable":true,"href":"https:\/\/ri.fictoralimentos.com.br\/es\/wp-json\/wp\/v2\/tags?post=1909"}],"curies":[{"name":"wp","href":"https:\/\/api.w.org\/{rel}","templated":true}]}}