{"id":1913,"date":"2025-01-20T20:04:26","date_gmt":"2025-01-20T20:04:26","guid":{"rendered":"https:\/\/ri.fictoralimentos.com.br\/?p=1913"},"modified":"2026-01-06T17:05:44","modified_gmt":"2026-01-06T17:05:44","slug":"entrevista-na-bmc-news-fictor-alimentos","status":"publish","type":"post","link":"https:\/\/ri.fictoralimentos.com.br\/es\/entrevista-na-bmc-news-fictor-alimentos\/","title":{"rendered":"Entrevista con el programa de negocios BM&amp;C News"},"content":{"rendered":"<h2><a href=\"https:\/\/www.youtube.com\/watch?v=RDkh2V0alB4\" target=\"_blank\" rel=\"noreferrer noopener\" data-type=\"link\" data-id=\"https:\/\/www.youtube.com\/watch?v=RDkh2V0alB4\"><strong>Confira a Entrevista<\/strong><\/a><strong><a href=\"https:\/\/ri.fictoralimentos.com.br\/es\/videos\/fictor-alimentos-entrevista-ao-programa-business-da-bmc-news\/\" data-type=\"link\" data-id=\"https:\/\/ri.fictoralimentos.com.br\/videos\/fictor-alimentos-entrevista-ao-programa-business-da-bmc-news\/\">\u00a0- Pulse aqu\u00ed<\/a><\/strong><\/h2>\r\n\r\n\r\n\r\n<p>O apresentador Maur\u00edlio Goeldner conduz esta entrevista na BM&amp;C News com Andr\u00e9 Vasconcellos, Diretor Estatut\u00e1rio de Estrat\u00e9gia, Planejamento e Rela\u00e7\u00f5es com os Investidores da companhia, sobre a entrada da <a href=\"https:\/\/ri.fictoralimentos.com.br\/es\/fictor-alimentos\/\">Fictor Food<\/a>s S.A. na B3 (Bolsa de Valores de S\u00e3o Paulo).<\/p>\r\n<p>O programa &#8220;Business&#8221;, promovido pelo canal e apresentado por Maur\u00edlio Goeldner, \u00e9 uma atra\u00e7\u00e3o semanal que mostra hist\u00f3rias, estrat\u00e9gias e modelos de neg\u00f3cios de empresas brasileiras. No formato de talk show, tem 1 (uma) hora de dura\u00e7\u00e3o e destaca informa\u00e7\u00f5es sobre a trajet\u00f3ria da companhia, os desafios e os diferenciais de mercado.<\/p>\r\n\r\n\r\n\r\n\r\n\r\n<h2 data-path-to-node=\"10\"><b data-path-to-node=\"10\" data-index-in-node=\"0\">Destaques da entrevista na BM&amp;C News<\/b><\/h2>\r\n<p data-path-to-node=\"11\">A conversa ao vivo focou na vis\u00e3o estrat\u00e9gica da companhia. Durante a entrevista na BM&amp;C News, foram abordados os seguintes pilares:<\/p>\r\n<ul data-path-to-node=\"12\">\r\n<li>\r\n<p data-path-to-node=\"12,0,0\"><b data-path-to-node=\"12,0,0\" data-index-in-node=\"0\">Vis\u00e3o de Futuro:<\/b> Os valores e como a empresa pretende atingir seus objetivos a longo prazo;<\/p>\r\n<\/li>\r\n<li>\r\n<p data-path-to-node=\"12,1,0\"><b data-path-to-node=\"12,1,0\" data-index-in-node=\"0\">Mercados de capitales:<\/b> Os maiores desafios e as oportunidades mais promissoras para o futuro da empresa na bolsa;<\/p>\r\n<\/li>\r\n<li>\r\n<p data-path-to-node=\"12,2,0\"><b data-path-to-node=\"12,2,0\" data-index-in-node=\"0\">Sostenibilidad:<\/b> A cultura corporativa, a gest\u00e3o de talentos e a <b data-path-to-node=\"12,2,0\" data-index-in-node=\"66\">governan\u00e7a corporativa<\/b> como partes importantes do crescimento sustent\u00e1vel;<\/p>\r\n<\/li>\r\n<li>\r\n<p data-path-to-node=\"12,3,0\"><b data-path-to-node=\"12,3,0\" data-index-in-node=\"0\">Valor ao Acionista:<\/b> Estrat\u00e9gias para gerar valor consistente a longo prazo para os investidores e para o mercado em geral.<\/p>\r\n<\/li>\r\n<\/ul>","protected":false},"excerpt":{"rendered":"<p>Confira a Entrevista\u00a0\u2013 Clique Aqui O apresentador Maur\u00edlio Goeldner conduz esta entrevista na BM&amp;C News com Andr\u00e9 Vasconcellos, Diretor Estatut\u00e1rio de Estrat\u00e9gia, Planejamento e Rela\u00e7\u00f5es com os Investidores da companhia, sobre a entrada da Fictor Alimentos S.A. na B3 (Bolsa de Valores de S\u00e3o Paulo). O programa &#8220;Business&#8221;, promovido pelo canal e apresentado por Maur\u00edlio [&hellip;]<\/p>\n","protected":false},"author":4,"featured_media":2961,"comment_status":"open","ping_status":"open","sticky":false,"template":"","format":"standard","meta":{"_acf_changed":false,"inline_featured_image":false,"footnotes":""},"categories":[29,28],"tags":[],"class_list":["post-1913","post","type-post","status-publish","format-standard","has-post-thumbnail","hentry","category-bmc-news","category-entrevista"],"acf":[],"_links":{"self":[{"href":"https:\/\/ri.fictoralimentos.com.br\/es\/wp-json\/wp\/v2\/posts\/1913","targetHints":{"allow":["GET"]}}],"collection":[{"href":"https:\/\/ri.fictoralimentos.com.br\/es\/wp-json\/wp\/v2\/posts"}],"about":[{"href":"https:\/\/ri.fictoralimentos.com.br\/es\/wp-json\/wp\/v2\/types\/post"}],"author":[{"embeddable":true,"href":"https:\/\/ri.fictoralimentos.com.br\/es\/wp-json\/wp\/v2\/users\/4"}],"replies":[{"embeddable":true,"href":"https:\/\/ri.fictoralimentos.com.br\/es\/wp-json\/wp\/v2\/comments?post=1913"}],"version-history":[{"count":5,"href":"https:\/\/ri.fictoralimentos.com.br\/es\/wp-json\/wp\/v2\/posts\/1913\/revisions"}],"predecessor-version":[{"id":2962,"href":"https:\/\/ri.fictoralimentos.com.br\/es\/wp-json\/wp\/v2\/posts\/1913\/revisions\/2962"}],"wp:featuredmedia":[{"embeddable":true,"href":"https:\/\/ri.fictoralimentos.com.br\/es\/wp-json\/wp\/v2\/media\/2961"}],"wp:attachment":[{"href":"https:\/\/ri.fictoralimentos.com.br\/es\/wp-json\/wp\/v2\/media?parent=1913"}],"wp:term":[{"taxonomy":"category","embeddable":true,"href":"https:\/\/ri.fictoralimentos.com.br\/es\/wp-json\/wp\/v2\/categories?post=1913"},{"taxonomy":"post_tag","embeddable":true,"href":"https:\/\/ri.fictoralimentos.com.br\/es\/wp-json\/wp\/v2\/tags?post=1913"}],"curies":[{"name":"wp","href":"https:\/\/api.w.org\/{rel}","templated":true}]}}