{"id":2152,"date":"2025-04-06T17:39:03","date_gmt":"2025-04-06T17:39:03","guid":{"rendered":"https:\/\/ri.fictoralimentos.com.br\/?p=2152"},"modified":"2026-01-06T13:14:00","modified_gmt":"2026-01-06T13:14:00","slug":"patrocinio-da-fictor-palmeiras","status":"publish","type":"post","link":"https:\/\/ri.fictoralimentos.com.br\/es\/patrocinio-da-fictor-palmeiras\/","title":{"rendered":"Patroc\u00ednio da Fictor ao Palmeiras recupera 62% do investimento ap\u00f3s alta nas a\u00e7\u00f5es"},"content":{"rendered":"<p class=\"\">Por\u00a0<a href=\"https:\/\/bmcnews.com.br\/author\/maurilio-goeldner\/\" target=\"_blank\" rel=\"noopener\">Maur\u00edlio Goeldner<\/a><\/p>\r\n<p data-path-to-node=\"8\">El anuncio de <a href=\"https:\/\/bmcnews.com.br\/2025\/01\/21\/bmc-business-fictor-alimentos-explora-novo-caminho-com-ipo-reverso\/\" target=\"_blank\" rel=\"noopener\">Fictor Holding<\/a> ao <a href=\"https:\/\/ri.fictoralimentos.com.br\/es\/novo-patrocinador-palmeiras-acoes-fictor\/\">Palmeiras<\/a> n\u00e3o agitou apenas as arquibancadas: em apenas 24 horas, o valor de mercado da Fictor Alimentos (<a href=\"https:\/\/ri.fictoralimentos.com.br\/es\/graficos-e-cotacoes\/\">FICT3<\/a>) saltou R$ 15,7 milh\u00f5es, passando de R$ 91,4 milh\u00f5es para R$ 107,1 milh\u00f5es. O ganho corresponde a 62,7% do valor anual do contrato com o clube, de R$ 25 milh\u00f5es.<\/p>\r\n<p data-path-to-node=\"9\">Para Andr\u00e9 Vasconcellos, Director de Estrategia, Planificaci\u00f3n y Relaciones con Inversores de Fictor Alimentos, el significativo movimiento de las acciones es un reflejo directo de la respuesta de los hinchas del Palmeiras y de la comunidad futbol\u00edstica brasile\u00f1a. \"La apasionada participaci\u00f3n de los hinchas gener\u00f3, en un solo d\u00eda, una ganancia que corresponde a m\u00e1s de la mitad del valor total del patrocinio anual\", destac\u00f3.<\/p>\r\n<h2 data-path-to-node=\"10\"><b data-path-to-node=\"10\" data-index-in-node=\"0\">Impacto do patroc\u00ednio da Fictor nas a\u00e7\u00f5es<\/b><\/h2>\r\n<p data-path-to-node=\"11\">O an\u00fancio do patroc\u00ednio da Fictor foi feito no fim de mar\u00e7o e no fechamento do preg\u00e3o do dia 26, as a\u00e7\u00f5es ordin\u00e1rias FICT3 registraram valoriza\u00e7\u00e3o de 17,18%, sendo cotadas a R$ 4,57. Segundo Vasconcellos, al\u00e9m do impacto imediato, a expectativa \u00e9 que a visibilidade da marca continue impulsionando a companhia no mercado de capitais. \u201cEsse an\u00fancio tornar\u00e1 as a\u00e7\u00f5es FICT3 cada vez mais conhecidas, n\u00e3o s\u00f3 por palmeirenses, como tamb\u00e9m pelos demais brasileiros\u201d, afirmou.<\/p>\r\n<p data-path-to-node=\"12\">El patrocinio de Fictor Holding al Palmeiras incluye un espacio maestro en las categor\u00edas inferiores del club y presencia en la parte trasera de las camisetas del primer equipo masculino y femenino. Aunque la iniciativa haya partido del holding -uno de los controladores estrat\u00e9gicos de la cotizada-, tiene un impacto directo en todo el ecosistema Fictor.<\/p>\r\n<p data-path-to-node=\"13\">Phillippe Rubini, miembro del consejo de administraci\u00f3n de Fictor Alimentos, destac\u00f3 que la acci\u00f3n va m\u00e1s all\u00e1 de la simple exposici\u00f3n de la marca. \"Invertir en el f\u00fatbol brasile\u00f1o significa conectar el prop\u00f3sito con el rendimiento\", afirm\u00f3 Rubini, que tambi\u00e9n destac\u00f3 la creaci\u00f3n de la Copa Fictor Sub-17 como pilar de la estrategia de desarrollo social de la empresa. \"Esta inversi\u00f3n en las bases representa una contribuci\u00f3n a la sociedad, abriendo caminos para que los j\u00f3venes talentos tengan oportunidades reales de desarrollo e inclusi\u00f3n a trav\u00e9s del deporte.\"<\/p>\r\n<h2 data-path-to-node=\"14\"><b data-path-to-node=\"14\" data-index-in-node=\"0\">El patrocinio incluye las categor\u00edas juveniles<\/b><\/h2>\r\n<p data-path-to-node=\"15\">En el Palmeiras, el acuerdo fue acogido con entusiasmo. La presidenta del club, Leila Pereira, afirm\u00f3 que Fictor ha llegado para reforzar a\u00fan m\u00e1s las categor\u00edas inferiores, que han destacado en los \u00faltimos a\u00f1os. \"Estoy segura de que cosecharemos grandes frutos de esta uni\u00f3n\", afirm\u00f3.<\/p>\r\n<p data-path-to-node=\"16\">J\u00e1 Marcelo Dedeschi Teixeira, diretor estatut\u00e1rio das categorias de base do Palmeiras, celebrou a parceria como um reflexo da credibilidade que o clube vem construindo com o novo patroc\u00ednio da Fictor. \u201c\u00c9 essa reconstru\u00e7\u00e3o e esse n\u00edvel de credibilidade que nos d\u00e1 o privil\u00e9gio de ter uma empresa t\u00e3o forte junto a n\u00f3s\u201d, afirmou.<\/p>\r\n<p data-path-to-node=\"17\">Acceda a <a href=\"https:\/\/www.youtube.com\/@BMCNEWStv\" target=\"_blank\" rel=\"noopener\">canal de v\u00eddeo<\/a> de BM&amp;C News.<\/p>\r\n\r\n\r\n\r\n<p class=\"\">Fuente: <a href=\"https:\/\/bmcnews.com.br\/2025\/04\/06\/apos-alta-nas-acoes-nova-patrocinadora-do-palmeiras-recupera-62-do-investimento\/\" target=\"_blank\" rel=\"noopener\">NOTICIAS DE BM&amp;C <\/a><\/p>","protected":false},"excerpt":{"rendered":"<p>Por\u00a0Maur\u00edlio Goeldner O an\u00fancio do patroc\u00ednio da Fictor Holding ao Palmeiras n\u00e3o agitou apenas as arquibancadas: em apenas 24 horas, o valor de mercado da Fictor Alimentos (FICT3) saltou R$ 15,7 milh\u00f5es, passando de R$ 91,4 milh\u00f5es para R$ 107,1 milh\u00f5es. O ganho corresponde a 62,7% do valor anual do contrato com o clube, de [&hellip;]<\/p>\n","protected":false},"author":4,"featured_media":2155,"comment_status":"open","ping_status":"open","sticky":false,"template":"","format":"standard","meta":{"_acf_changed":false,"inline_featured_image":false,"footnotes":""},"categories":[29,23],"tags":[],"class_list":["post-2152","post","type-post","status-publish","format-standard","has-post-thumbnail","hentry","category-bmc-news","category-noticias"],"acf":[],"_links":{"self":[{"href":"https:\/\/ri.fictoralimentos.com.br\/es\/wp-json\/wp\/v2\/posts\/2152","targetHints":{"allow":["GET"]}}],"collection":[{"href":"https:\/\/ri.fictoralimentos.com.br\/es\/wp-json\/wp\/v2\/posts"}],"about":[{"href":"https:\/\/ri.fictoralimentos.com.br\/es\/wp-json\/wp\/v2\/types\/post"}],"author":[{"embeddable":true,"href":"https:\/\/ri.fictoralimentos.com.br\/es\/wp-json\/wp\/v2\/users\/4"}],"replies":[{"embeddable":true,"href":"https:\/\/ri.fictoralimentos.com.br\/es\/wp-json\/wp\/v2\/comments?post=2152"}],"version-history":[{"count":3,"href":"https:\/\/ri.fictoralimentos.com.br\/es\/wp-json\/wp\/v2\/posts\/2152\/revisions"}],"predecessor-version":[{"id":2939,"href":"https:\/\/ri.fictoralimentos.com.br\/es\/wp-json\/wp\/v2\/posts\/2152\/revisions\/2939"}],"wp:featuredmedia":[{"embeddable":true,"href":"https:\/\/ri.fictoralimentos.com.br\/es\/wp-json\/wp\/v2\/media\/2155"}],"wp:attachment":[{"href":"https:\/\/ri.fictoralimentos.com.br\/es\/wp-json\/wp\/v2\/media?parent=2152"}],"wp:term":[{"taxonomy":"category","embeddable":true,"href":"https:\/\/ri.fictoralimentos.com.br\/es\/wp-json\/wp\/v2\/categories?post=2152"},{"taxonomy":"post_tag","embeddable":true,"href":"https:\/\/ri.fictoralimentos.com.br\/es\/wp-json\/wp\/v2\/tags?post=2152"}],"curies":[{"name":"wp","href":"https:\/\/api.w.org\/{rel}","templated":true}]}}