{"id":1148,"date":"2024-10-18T00:09:00","date_gmt":"2024-10-18T00:09:00","guid":{"rendered":"https:\/\/ri.fictoralimentos.com.br\/?p=1148"},"modified":"2026-01-06T20:15:47","modified_gmt":"2026-01-06T20:15:47","slug":"atom-vira-fictor-atom-educacao-cisao-b3","status":"publish","type":"post","link":"https:\/\/ri.fictoralimentos.com.br\/fr\/atom-vira-fictor-atom-educacao-cisao-b3\/","title":{"rendered":"Atom devient Fictor et Atom Educa\u00e7\u00e3o sera inscrit sur la liste B3."},"content":{"rendered":"<p class=\"\"><em>La scission permettra \u00e0 Atom Educa\u00e7\u00e3o de devenir une soci\u00e9t\u00e9 publique, dont les actions seront cot\u00e9es sur le B3, le segment de base.<br \/><\/em><\/p>\r\n\r\n\r\n\r\n<p>A Atom Educa\u00e7\u00e3o se prepara para se tornar uma companhia aberta independente ap\u00f3s a Atom Participa\u00e7\u00f5es (<a href=\"https:\/\/dinheirama.com\/cotacoes\/atom-atom3\/\" target=\"_blank\" rel=\"noopener\">ATOM3<\/a>) realizar uma Assembleia Geral Extraordin\u00e1ria (AGE) no dia 17 de outubro de 2024. O encontro, em formato digital, aprovou importantes decis\u00f5es estrat\u00e9gicas, sendo a principal pauta a cis\u00e3o parcial da empresa, transferindo parte de seu patrim\u00f4nio para a Atom Educa\u00e7\u00e3o e Editora, uma subsidi\u00e1ria integral, <a href=\"https:\/\/www.rad.cvm.gov.br\/ENET\/frmExibirArquivoIPEExterno.aspx?NumeroProtocoloEntrega=1292611\" target=\"_blank\" rel=\"noopener\">montre une d\u00e9claration envoy\u00e9e au march\u00e9<\/a>.<\/p>\r\n<p>La scission a impliqu\u00e9 l'incorporation de 70% de fonds propres d'Atom, constitu\u00e9s de droits de propri\u00e9t\u00e9 intellectuelle, \u00e9valu\u00e9s sur la base de bilans jusqu'au 30 juin 2024.<\/p>\r\n<h2>O futuro da Atom Educa\u00e7\u00e3o na B3<\/h2>\r\n<p>La scission permettra \u00e0 Atom Educa\u00e7\u00e3o de devenir une soci\u00e9t\u00e9 publique, dont les actions seront cot\u00e9es sur le segment de base B3. Les actionnaires ont \u00e9galement autoris\u00e9 le conseil d'administration \u00e0 prendre toutes les mesures n\u00e9cessaires pour mener \u00e0 bien l'op\u00e9ration, ce qui inclut l'obtention des autorisations r\u00e9glementaires, notamment l'enregistrement d'Atom Educa\u00e7\u00e3o aupr\u00e8s de la CVM en tant qu'entreprise publique de cat\u00e9gorie A.<\/p>\r\n<h2>Atom vira Fictor Alimentos S.A.<\/h2>\r\n<p>Outro ponto importante discutido foi a altera\u00e7\u00e3o do estatuto social, adaptando-o \u00e0 nova realidade da empresa ap\u00f3s a sa\u00edda da Atom Educa\u00e7\u00e3o. O capital social foi reduzido para R$ 10,48 milh\u00f5es, refletindo a transfer\u00eancia dos ativos.<\/p>\r\n<p>Al\u00e9m disso, foi aprovada a altera\u00e7\u00e3o da denomina\u00e7\u00e3o social da empresa, que passar\u00e1 a se chamar <a href=\"https:\/\/ri.fictoralimentos.com.br\/fr\/fictor-alimentos\/\">Fictor Alimentos S.A.<\/a>, alinhando-se ao novo foco de neg\u00f3cios no setor aliment\u00edcio. A reforma do estatuto social incluiu a mudan\u00e7a do objeto social, que agora se dedicar\u00e1 a atividades como a cria\u00e7\u00e3o de frangos para corte e a produ\u00e7\u00e3o de pintos de um dia.<\/p>\r\n<h2>Nova Gest\u00e3o e Direito de Recesso<\/h2>\r\n<p>L'Assembl\u00e9e a \u00e9galement \u00e9lu de nouveaux membres au Conseil d'administration, dont M\u00e1rcia Campos, Maur\u00edcio Mendes Dutra, <a href=\"https:\/\/www.linkedin.com\/in\/phillipperubini\/\" target=\"_blank\" rel=\"noopener\">Luiz Phillipe Gomes Rubini<\/a> e <a href=\"https:\/\/www.linkedin.com\/in\/rafaelgois\/\" target=\"_blank\" rel=\"noopener\">Rafael Ribeiro Leite de Gois<\/a>, com mandato at\u00e9 2026.<\/p>\r\n<p>Al\u00e9m disso, foi aprovado o direito de recesso aos acionistas dissidentes da opera\u00e7\u00e3o, que poder\u00e3o receber R$ 1,64 por a\u00e7\u00e3o. Esse direito ser\u00e1 exercido apenas ap\u00f3s a efetiva\u00e7\u00e3o da cis\u00e3o, prevista para ocorrer quando a Atom Educa\u00e7\u00e3o for listada na B3 e registrada na CVM.<\/p>\r\n<p>No total, as mudan\u00e7as visam otimizar a estrutura organizacional, possibilitando o foco da Fictor no novo segmento de atua\u00e7\u00e3o e a independ\u00eancia da Atom Educa\u00e7\u00e3o.<\/p>\r\n\r\n\r\n\r\n<p class=\"\"><a href=\"https:\/\/pt.scribd.com\/document\/781327580\/Atom-015423000101011-1\" target=\"_blank\" rel=\"noopener\">Voir le communiqu\u00e9 de presse d'Atom<\/a><\/p>\r\n\r\n\r\n\r\n<p class=\"\"><a href=\"https:\/\/dinheirama.com\/atom-vira-fictor-e-ira-criar-galinhas-atom-educacao-ficara-na-b3\/\" target=\"_blank\" rel=\"noopener\">Source : Article publi\u00e9 par le site Dinheirama<\/a><\/p>","protected":false},"excerpt":{"rendered":"<p>Foi aprovada a altera\u00e7\u00e3o da denomina\u00e7\u00e3o social da empresa, que passar\u00e1 a se chamar Fictor Alimentos S.A., alinhando-se ao novo foco de neg\u00f3cios no setor aliment\u00edcio.<\/p>","protected":false},"author":4,"featured_media":2991,"comment_status":"open","ping_status":"open","sticky":false,"template":"","format":"standard","meta":{"_acf_changed":false,"inline_featured_image":false,"footnotes":""},"categories":[23],"tags":[],"class_list":["post-1148","post","type-post","status-publish","format-standard","has-post-thumbnail","hentry","category-noticias"],"acf":[],"_links":{"self":[{"href":"https:\/\/ri.fictoralimentos.com.br\/fr\/wp-json\/wp\/v2\/posts\/1148","targetHints":{"allow":["GET"]}}],"collection":[{"href":"https:\/\/ri.fictoralimentos.com.br\/fr\/wp-json\/wp\/v2\/posts"}],"about":[{"href":"https:\/\/ri.fictoralimentos.com.br\/fr\/wp-json\/wp\/v2\/types\/post"}],"author":[{"embeddable":true,"href":"https:\/\/ri.fictoralimentos.com.br\/fr\/wp-json\/wp\/v2\/users\/4"}],"replies":[{"embeddable":true,"href":"https:\/\/ri.fictoralimentos.com.br\/fr\/wp-json\/wp\/v2\/comments?post=1148"}],"version-history":[{"count":6,"href":"https:\/\/ri.fictoralimentos.com.br\/fr\/wp-json\/wp\/v2\/posts\/1148\/revisions"}],"predecessor-version":[{"id":2992,"href":"https:\/\/ri.fictoralimentos.com.br\/fr\/wp-json\/wp\/v2\/posts\/1148\/revisions\/2992"}],"wp:featuredmedia":[{"embeddable":true,"href":"https:\/\/ri.fictoralimentos.com.br\/fr\/wp-json\/wp\/v2\/media\/2991"}],"wp:attachment":[{"href":"https:\/\/ri.fictoralimentos.com.br\/fr\/wp-json\/wp\/v2\/media?parent=1148"}],"wp:term":[{"taxonomy":"category","embeddable":true,"href":"https:\/\/ri.fictoralimentos.com.br\/fr\/wp-json\/wp\/v2\/categories?post=1148"},{"taxonomy":"post_tag","embeddable":true,"href":"https:\/\/ri.fictoralimentos.com.br\/fr\/wp-json\/wp\/v2\/tags?post=1148"}],"curies":[{"name":"wp","href":"https:\/\/api.w.org\/{rel}","templated":true}]}}