{"id":1909,"date":"2025-02-12T19:51:47","date_gmt":"2025-02-12T19:51:47","guid":{"rendered":"https:\/\/ri.fictoralimentos.com.br\/?p=1909"},"modified":"2026-01-06T13:55:21","modified_gmt":"2026-01-06T13:55:21","slug":"entrevista-eai-invest-fictor-alimentos","status":"publish","type":"post","link":"https:\/\/ri.fictoralimentos.com.br\/fr\/entrevista-eai-invest-fictor-alimentos\/","title":{"rendered":"Interview avec la cha\u00eene Eai Invest"},"content":{"rendered":"<h2><a href=\"https:\/\/www.youtube.com\/watch?v=hIuaL4S9CwQ\" data-type=\"link\" data-id=\"https:\/\/www.youtube.com\/watch?v=hIuaL4S9CwQ\" target=\"_blank\" rel=\"noopener\"><strong>Lire l'int\u00e9gralit\u00e9 de l'interview<\/strong><\/a><strong><a href=\"https:\/\/ri.fictoralimentos.com.br\/fr\/videos\/fictor-alimentos-entrevista-ao-canal-eai-invest\/\" data-type=\"link\" data-id=\"https:\/\/ri.fictoralimentos.com.br\/videos\/fictor-alimentos-entrevista-ao-canal-eai-invest\/\"> &#8211; Clique Aqui<\/a><\/strong><\/h2>\r\n\r\n\r\n\r\n<p class=\"\">O apresentador Guilherme Henrique Cunha do programa Morning Call, promovido pelo canal Eai Invest, entrevista o <a href=\"https:\/\/ri.fictoralimentos.com.br\/fr\/diretorias-conselhos-e-comites\/\">Andr\u00e9 Vasconcellos<\/a>, Diretor Estatut\u00e1rio de Estrat\u00e9gia, Planejamento e Rela\u00e7\u00f5es com os Investidores da companhia sobre a entrada da Fictor Alimentos S.A. na B3 (Bolsa de Valores de S\u00e3o Paulo).<\/p>\r\n\r\n\r\n\r\n<p class=\"\">L'entretien en direct a port\u00e9 sur la vision strat\u00e9gique \u00e0 long terme de l'entreprise, ses valeurs et la mani\u00e8re dont elle entend atteindre ses objectifs \u00e0 long terme ; les plus grands d\u00e9fis et les opportunit\u00e9s les plus prometteuses pour l'avenir de l'entreprise sur le march\u00e9 des capitaux ; la culture d'entreprise, la gestion des talents et la gouvernance d'entreprise en tant qu'\u00e9l\u00e9ments importants de la croissance durable de l'entreprise cot\u00e9e en bourse ; et les strat\u00e9gies visant \u00e0 g\u00e9n\u00e9rer une valeur \u00e0 long terme pour les actionnaires et le march\u00e9 en g\u00e9n\u00e9ral.<\/p>","protected":false},"excerpt":{"rendered":"<p>Confira a Entrevista na \u00edntegra &#8211; Clique Aqui O apresentador Guilherme Henrique Cunha do programa Morning Call, promovido pelo canal Eai Invest, entrevista o Andr\u00e9 Vasconcellos, Diretor Estatut\u00e1rio de Estrat\u00e9gia, Planejamento e Rela\u00e7\u00f5es com os Investidores da companhia sobre a entrada da Fictor Alimentos S.A. na B3 (Bolsa de Valores de S\u00e3o Paulo). A entrevista [&hellip;]<\/p>\n","protected":false},"author":4,"featured_media":2478,"comment_status":"open","ping_status":"open","sticky":false,"template":"","format":"standard","meta":{"_acf_changed":false,"inline_featured_image":false,"footnotes":""},"categories":[36,28],"tags":[],"class_list":["post-1909","post","type-post","status-publish","format-standard","has-post-thumbnail","hentry","category-eai-invest","category-entrevista"],"acf":[],"_links":{"self":[{"href":"https:\/\/ri.fictoralimentos.com.br\/fr\/wp-json\/wp\/v2\/posts\/1909","targetHints":{"allow":["GET"]}}],"collection":[{"href":"https:\/\/ri.fictoralimentos.com.br\/fr\/wp-json\/wp\/v2\/posts"}],"about":[{"href":"https:\/\/ri.fictoralimentos.com.br\/fr\/wp-json\/wp\/v2\/types\/post"}],"author":[{"embeddable":true,"href":"https:\/\/ri.fictoralimentos.com.br\/fr\/wp-json\/wp\/v2\/users\/4"}],"replies":[{"embeddable":true,"href":"https:\/\/ri.fictoralimentos.com.br\/fr\/wp-json\/wp\/v2\/comments?post=1909"}],"version-history":[{"count":6,"href":"https:\/\/ri.fictoralimentos.com.br\/fr\/wp-json\/wp\/v2\/posts\/1909\/revisions"}],"predecessor-version":[{"id":2947,"href":"https:\/\/ri.fictoralimentos.com.br\/fr\/wp-json\/wp\/v2\/posts\/1909\/revisions\/2947"}],"wp:featuredmedia":[{"embeddable":true,"href":"https:\/\/ri.fictoralimentos.com.br\/fr\/wp-json\/wp\/v2\/media\/2478"}],"wp:attachment":[{"href":"https:\/\/ri.fictoralimentos.com.br\/fr\/wp-json\/wp\/v2\/media?parent=1909"}],"wp:term":[{"taxonomy":"category","embeddable":true,"href":"https:\/\/ri.fictoralimentos.com.br\/fr\/wp-json\/wp\/v2\/categories?post=1909"},{"taxonomy":"post_tag","embeddable":true,"href":"https:\/\/ri.fictoralimentos.com.br\/fr\/wp-json\/wp\/v2\/tags?post=1909"}],"curies":[{"name":"wp","href":"https:\/\/api.w.org\/{rel}","templated":true}]}}