{"id":1911,"date":"2025-02-05T19:57:49","date_gmt":"2025-02-05T19:57:49","guid":{"rendered":"https:\/\/ri.fictoralimentos.com.br\/?p=1911"},"modified":"2026-01-06T14:01:27","modified_gmt":"2026-01-06T14:01:27","slug":"entrevista-tc-news-fictor-alimentos","status":"publish","type":"post","link":"https:\/\/ri.fictoralimentos.com.br\/fr\/entrevista-tc-news-fictor-alimentos\/","title":{"rendered":"Interview avec TC News"},"content":{"rendered":"<h2><a href=\"https:\/\/www.youtube.com\/watch?v=12d0mAbngP0&amp;t=1s\" target=\"_blank\" rel=\"noreferrer noopener\" data-type=\"link\" data-id=\"https:\/\/www.youtube.com\/watch?v=12d0mAbngP0&amp;t=1s\"><strong>Lire l'int\u00e9gralit\u00e9 de l'interview<\/strong><\/a><strong><a href=\"https:\/\/ri.fictoralimentos.com.br\/fr\/videos\/fictor-alimentos-entrevista-ao-canal-tc-news\/\" data-type=\"link\" data-id=\"https:\/\/ri.fictoralimentos.com.br\/videos\/fictor-alimentos-entrevista-ao-canal-tc-news\/\">\u00a0- Cliquez ici<\/a><\/strong><\/h2>\r\n\r\n\r\n\r\n<p class=\"\">O apresentador Vin\u00edcius Cust\u00f3dio do canal TC News, entrevista o <a href=\"https:\/\/ri.fictoralimentos.com.br\/fr\/diretorias-conselhos-e-comites\/\">Andr\u00e9 Vasconcellos<\/a>, Diretor Estatut\u00e1rio de Estrat\u00e9gia, Planejamento e Rela\u00e7\u00f5es com os Investidores da companhia sobre a entrada da Fictor Alimentos S.A. na B3 (Bolsa de Valores de S\u00e3o Paulo). O programa &#8220;Almo\u00e7o de Neg\u00f3cios &#8220;, promovido pelo canal \u201cTC News\u201d, apresentado por Vinicius Cust\u00f3dio, \u00e9 um programa di\u00e1rio, no ar de 12h \u00e0s 15h, especializado na cobertura de empresas brasileiras com capital aberto.<\/p>\r\n\r\n\r\n\r\n<p class=\"\">L'entretien en direct a port\u00e9 sur la vision strat\u00e9gique \u00e0 long terme de l'entreprise, ses valeurs et la mani\u00e8re dont elle entend atteindre ses objectifs \u00e0 long terme ; les plus grands d\u00e9fis et les opportunit\u00e9s les plus prometteuses pour l'avenir de l'entreprise sur le march\u00e9 des capitaux ; la culture d'entreprise, la gestion des talents et la gouvernance d'entreprise en tant qu'\u00e9l\u00e9ments importants de la croissance durable de l'entreprise cot\u00e9e en bourse ; et les strat\u00e9gies visant \u00e0 g\u00e9n\u00e9rer une valeur \u00e0 long terme pour les actionnaires et le march\u00e9 en g\u00e9n\u00e9ral.<\/p>","protected":false},"excerpt":{"rendered":"<p>Confira a Entrevista na \u00edntegra\u00a0\u2013 Clique Aqui O apresentador Vin\u00edcius Cust\u00f3dio do canal TC News, entrevista o Andr\u00e9 Vasconcellos, Diretor Estatut\u00e1rio de Estrat\u00e9gia, Planejamento e Rela\u00e7\u00f5es com os Investidores da companhia sobre a entrada da Fictor Alimentos S.A. na B3 (Bolsa de Valores de S\u00e3o Paulo). O programa &#8220;Almo\u00e7o de Neg\u00f3cios &#8220;, promovido pelo canal [&hellip;]<\/p>\n","protected":false},"author":4,"featured_media":2948,"comment_status":"open","ping_status":"open","sticky":false,"template":"","format":"standard","meta":{"_acf_changed":false,"inline_featured_image":false,"footnotes":""},"categories":[28,37],"tags":[],"class_list":["post-1911","post","type-post","status-publish","format-standard","has-post-thumbnail","hentry","category-entrevista","category-tc-news"],"acf":[],"_links":{"self":[{"href":"https:\/\/ri.fictoralimentos.com.br\/fr\/wp-json\/wp\/v2\/posts\/1911","targetHints":{"allow":["GET"]}}],"collection":[{"href":"https:\/\/ri.fictoralimentos.com.br\/fr\/wp-json\/wp\/v2\/posts"}],"about":[{"href":"https:\/\/ri.fictoralimentos.com.br\/fr\/wp-json\/wp\/v2\/types\/post"}],"author":[{"embeddable":true,"href":"https:\/\/ri.fictoralimentos.com.br\/fr\/wp-json\/wp\/v2\/users\/4"}],"replies":[{"embeddable":true,"href":"https:\/\/ri.fictoralimentos.com.br\/fr\/wp-json\/wp\/v2\/comments?post=1911"}],"version-history":[{"count":5,"href":"https:\/\/ri.fictoralimentos.com.br\/fr\/wp-json\/wp\/v2\/posts\/1911\/revisions"}],"predecessor-version":[{"id":2950,"href":"https:\/\/ri.fictoralimentos.com.br\/fr\/wp-json\/wp\/v2\/posts\/1911\/revisions\/2950"}],"wp:featuredmedia":[{"embeddable":true,"href":"https:\/\/ri.fictoralimentos.com.br\/fr\/wp-json\/wp\/v2\/media\/2948"}],"wp:attachment":[{"href":"https:\/\/ri.fictoralimentos.com.br\/fr\/wp-json\/wp\/v2\/media?parent=1911"}],"wp:term":[{"taxonomy":"category","embeddable":true,"href":"https:\/\/ri.fictoralimentos.com.br\/fr\/wp-json\/wp\/v2\/categories?post=1911"},{"taxonomy":"post_tag","embeddable":true,"href":"https:\/\/ri.fictoralimentos.com.br\/fr\/wp-json\/wp\/v2\/tags?post=1911"}],"curies":[{"name":"wp","href":"https:\/\/api.w.org\/{rel}","templated":true}]}}