{"id":2152,"date":"2025-04-06T17:39:03","date_gmt":"2025-04-06T17:39:03","guid":{"rendered":"https:\/\/ri.fictoralimentos.com.br\/?p=2152"},"modified":"2026-01-06T13:14:00","modified_gmt":"2026-01-06T13:14:00","slug":"patrocinio-da-fictor-palmeiras","status":"publish","type":"post","link":"https:\/\/ri.fictoralimentos.com.br\/fr\/patrocinio-da-fictor-palmeiras\/","title":{"rendered":"Patroc\u00ednio da Fictor ao Palmeiras recupera 62% do investimento ap\u00f3s alta nas a\u00e7\u00f5es"},"content":{"rendered":"<p class=\"\">Par\u00a0<a href=\"https:\/\/bmcnews.com.br\/author\/maurilio-goeldner\/\" target=\"_blank\" rel=\"noopener\">Maur\u00edlio Goeldner<\/a><\/p>\r\n<p data-path-to-node=\"8\">L'annonce de la <a href=\"https:\/\/bmcnews.com.br\/2025\/01\/21\/bmc-business-fictor-alimentos-explora-novo-caminho-com-ipo-reverso\/\" target=\"_blank\" rel=\"noopener\">Fictor Holding<\/a> ao <a href=\"https:\/\/ri.fictoralimentos.com.br\/fr\/novo-patrocinador-palmeiras-acoes-fictor\/\">Palmeiras<\/a> n\u00e3o agitou apenas as arquibancadas: em apenas 24 horas, o valor de mercado da Fictor Alimentos (<a href=\"https:\/\/ri.fictoralimentos.com.br\/fr\/graficos-e-cotacoes\/\">FICT3<\/a>) saltou R$ 15,7 milh\u00f5es, passando de R$ 91,4 milh\u00f5es para R$ 107,1 milh\u00f5es. O ganho corresponde a 62,7% do valor anual do contrato com o clube, de R$ 25 milh\u00f5es.<\/p>\r\n<p data-path-to-node=\"9\">Pour Andr\u00e9 Vasconcellos, directeur de la strat\u00e9gie, de la planification et des relations avec les investisseurs chez Fictor Alimentos, l'\u00e9volution significative des actions est le reflet direct de la r\u00e9ponse des supporters de Palmeiras et de la communaut\u00e9 du football br\u00e9silien. \"La participation passionn\u00e9e des fans a g\u00e9n\u00e9r\u00e9, en une seule journ\u00e9e, un gain qui correspond \u00e0 plus de la moiti\u00e9 de la valeur totale du parrainage annuel\", a-t-il soulign\u00e9.<\/p>\r\n<h2 data-path-to-node=\"10\"><b data-path-to-node=\"10\" data-index-in-node=\"0\">Impacto do patroc\u00ednio da Fictor nas a\u00e7\u00f5es<\/b><\/h2>\r\n<p data-path-to-node=\"11\">O an\u00fancio do patroc\u00ednio da Fictor foi feito no fim de mar\u00e7o e no fechamento do preg\u00e3o do dia 26, as a\u00e7\u00f5es ordin\u00e1rias FICT3 registraram valoriza\u00e7\u00e3o de 17,18%, sendo cotadas a R$ 4,57. Segundo Vasconcellos, al\u00e9m do impacto imediato, a expectativa \u00e9 que a visibilidade da marca continue impulsionando a companhia no mercado de capitais. \u201cEsse an\u00fancio tornar\u00e1 as a\u00e7\u00f5es FICT3 cada vez mais conhecidas, n\u00e3o s\u00f3 por palmeirenses, como tamb\u00e9m pelos demais brasileiros\u201d, afirmou.<\/p>\r\n<p data-path-to-node=\"12\">Le parrainage de Palmeiras par Fictor Holding comprend un espace ma\u00eetre dans les \u00e9quipes de jeunes du club et une pr\u00e9sence au dos des maillots de l'\u00e9quipe premi\u00e8re masculine et f\u00e9minine. Bien que l'initiative \u00e9mane de la holding - l'un des contr\u00f4leurs strat\u00e9giques de la soci\u00e9t\u00e9 cot\u00e9e en bourse - elle a un impact direct sur l'ensemble de l'\u00e9cosyst\u00e8me Fictor.<\/p>\r\n<p data-path-to-node=\"13\">Phillippe Rubini, membre du conseil d'administration de Fictor Alimentos, a soulign\u00e9 que l'action allait au-del\u00e0 de la simple exposition de la marque. \"Investir dans le football br\u00e9silien, c'est associer l'objectif \u00e0 la performance\", a d\u00e9clar\u00e9 Rubini, qui a \u00e9galement soulign\u00e9 que la cr\u00e9ation de la Coupe Fictor des moins de 17 ans \u00e9tait un pilier de la strat\u00e9gie de d\u00e9veloppement social de l'entreprise. \"Cet investissement dans le football de base repr\u00e9sente une contribution \u00e0 la soci\u00e9t\u00e9, car il permet aux jeunes talents d'avoir de r\u00e9elles opportunit\u00e9s de d\u00e9veloppement et d'inclusion par le biais du sport.<\/p>\r\n<h2 data-path-to-node=\"14\"><b data-path-to-node=\"14\" data-index-in-node=\"0\">Le parrainage inclut les cat\u00e9gories de jeunes<\/b><\/h2>\r\n<p data-path-to-node=\"15\">A Palmeiras, l'accord a \u00e9t\u00e9 accueilli avec enthousiasme. La pr\u00e9sidente du club, Leila Pereira, a d\u00e9clar\u00e9 que Fictor \u00e9tait arriv\u00e9 pour renforcer les cat\u00e9gories de jeunes, qui ont excell\u00e9 ces derni\u00e8res ann\u00e9es. \"Je suis s\u00fbre que nous allons tirer de grands b\u00e9n\u00e9fices de cette union\", a-t-elle d\u00e9clar\u00e9.<\/p>\r\n<p data-path-to-node=\"16\">J\u00e1 Marcelo Dedeschi Teixeira, diretor estatut\u00e1rio das categorias de base do Palmeiras, celebrou a parceria como um reflexo da credibilidade que o clube vem construindo com o novo patroc\u00ednio da Fictor. \u201c\u00c9 essa reconstru\u00e7\u00e3o e esse n\u00edvel de credibilidade que nos d\u00e1 o privil\u00e9gio de ter uma empresa t\u00e3o forte junto a n\u00f3s\u201d, afirmou.<\/p>\r\n<p data-path-to-node=\"17\">Acc\u00e8s <a href=\"https:\/\/www.youtube.com\/@BMCNEWStv\" target=\"_blank\" rel=\"noopener\">canal vid\u00e9o<\/a> de BM&amp;C News.<\/p>\r\n\r\n\r\n\r\n<p class=\"\">Source : <a href=\"https:\/\/bmcnews.com.br\/2025\/04\/06\/apos-alta-nas-acoes-nova-patrocinadora-do-palmeiras-recupera-62-do-investimento\/\" target=\"_blank\" rel=\"noopener\">BM&amp;C NEWS <\/a><\/p>","protected":false},"excerpt":{"rendered":"<p>Por\u00a0Maur\u00edlio Goeldner O an\u00fancio do patroc\u00ednio da Fictor Holding ao Palmeiras n\u00e3o agitou apenas as arquibancadas: em apenas 24 horas, o valor de mercado da Fictor Alimentos (FICT3) saltou R$ 15,7 milh\u00f5es, passando de R$ 91,4 milh\u00f5es para R$ 107,1 milh\u00f5es. O ganho corresponde a 62,7% do valor anual do contrato com o clube, de [&hellip;]<\/p>\n","protected":false},"author":4,"featured_media":2155,"comment_status":"open","ping_status":"open","sticky":false,"template":"","format":"standard","meta":{"_acf_changed":false,"inline_featured_image":false,"footnotes":""},"categories":[29,23],"tags":[],"class_list":["post-2152","post","type-post","status-publish","format-standard","has-post-thumbnail","hentry","category-bmc-news","category-noticias"],"acf":[],"_links":{"self":[{"href":"https:\/\/ri.fictoralimentos.com.br\/fr\/wp-json\/wp\/v2\/posts\/2152","targetHints":{"allow":["GET"]}}],"collection":[{"href":"https:\/\/ri.fictoralimentos.com.br\/fr\/wp-json\/wp\/v2\/posts"}],"about":[{"href":"https:\/\/ri.fictoralimentos.com.br\/fr\/wp-json\/wp\/v2\/types\/post"}],"author":[{"embeddable":true,"href":"https:\/\/ri.fictoralimentos.com.br\/fr\/wp-json\/wp\/v2\/users\/4"}],"replies":[{"embeddable":true,"href":"https:\/\/ri.fictoralimentos.com.br\/fr\/wp-json\/wp\/v2\/comments?post=2152"}],"version-history":[{"count":3,"href":"https:\/\/ri.fictoralimentos.com.br\/fr\/wp-json\/wp\/v2\/posts\/2152\/revisions"}],"predecessor-version":[{"id":2939,"href":"https:\/\/ri.fictoralimentos.com.br\/fr\/wp-json\/wp\/v2\/posts\/2152\/revisions\/2939"}],"wp:featuredmedia":[{"embeddable":true,"href":"https:\/\/ri.fictoralimentos.com.br\/fr\/wp-json\/wp\/v2\/media\/2155"}],"wp:attachment":[{"href":"https:\/\/ri.fictoralimentos.com.br\/fr\/wp-json\/wp\/v2\/media?parent=2152"}],"wp:term":[{"taxonomy":"category","embeddable":true,"href":"https:\/\/ri.fictoralimentos.com.br\/fr\/wp-json\/wp\/v2\/categories?post=2152"},{"taxonomy":"post_tag","embeddable":true,"href":"https:\/\/ri.fictoralimentos.com.br\/fr\/wp-json\/wp\/v2\/tags?post=2152"}],"curies":[{"name":"wp","href":"https:\/\/api.w.org\/{rel}","templated":true}]}}