{"id":2196,"date":"2025-04-18T14:16:01","date_gmt":"2025-04-18T14:16:01","guid":{"rendered":"https:\/\/ri.fictoralimentos.com.br\/?p=2196"},"modified":"2026-01-05T20:44:38","modified_gmt":"2026-01-05T20:44:38","slug":"fictor-alimentos-agenda-esg-entrevista","status":"publish","type":"post","link":"https:\/\/ri.fictoralimentos.com.br\/fr\/fictor-alimentos-agenda-esg-entrevista\/","title":{"rendered":"\"L'ESG est un devoir envers la soci\u00e9t\u00e9\", d\u00e9clare le responsable des relations avec les investisseurs de Fictor Alimentos (FICT3)."},"content":{"rendered":"<h2>PARTIE 2<\/h2>\r\n<p data-path-to-node=\"9\"><em><strong>Cher investisseur !<\/strong><\/em><\/p>\r\n<p data-path-to-node=\"10\">Poursuivant notre s\u00e9rie d'entretiens avec les professionnels des relations avec les investisseurs (RI) des soci\u00e9t\u00e9s cot\u00e9es en bourse, comme nous l'avons fait avec <a href=\"https:\/\/acionista.com.br\/crescimento-da-estapar-alpk3-sinaliza-um-ano-incrivel-em-2025\/\" target=\"_blank\" rel=\"noopener\"><strong>Estapar<\/strong> <\/a>em dezembro passado, a conversa dessa vez foi com <b data-path-to-node=\"10\" data-index-in-node=\"225\">Andr\u00e9 Vasconcellos<\/b>, RI da <a href=\"https:\/\/ri.fictoralimentos.com.br\/fr\/fictor-alimentos\/\"><b data-path-to-node=\"10\" data-index-in-node=\"251\">Fictor Foods<\/b> <\/a>(FICT3). O objetivo da s\u00e9rie \u00e9 que voc\u00ea conhe\u00e7a a empresa e sua <b data-path-to-node=\"10\" data-index-in-node=\"332\">Agenda ESG<\/b>, independente se ela est\u00e1 na sua carteira ou n\u00e3o.<\/p>\r\n<p data-path-to-node=\"11\">Ce vendredi, nous publierons la deuxi\u00e8me partie de l'interview, la troisi\u00e8me partie sera publi\u00e9e mardi (22) et la derni\u00e8re jeudi (24).<\/p>\r\n<p data-path-to-node=\"12\">D\u00e9couvrez-le ci-dessous :<\/p>\r\n<h2 data-path-to-node=\"13\"><b data-path-to-node=\"13\" data-index-in-node=\"0\">Resultados financeiros e transforma\u00e7\u00e3o<\/b><\/h2>\r\n<h3 data-path-to-node=\"14\"><b data-path-to-node=\"14\" data-index-in-node=\"0\">Acionista \u2013 Quais foram os principais fatores que impactaram os resultados financeiros no \u00faltimo trimestre\/ano?<\/b><\/h3>\r\n<p data-path-to-node=\"15\"><b data-path-to-node=\"15\" data-index-in-node=\"0\">Andr\u00e9 Vasconcellos -<\/b> A Fictor Alimentos S.A. apresentou, em 28\/03\/2025, suas Demonstra\u00e7\u00f5es Financeiras referentes ao exerc\u00edcio de 2024. Auditadas pela Ernst &amp; Young, que emitiu um parecer cont\u00e1bil sem ressalvas ou fragilidades relatadas, os resultados financeiros refletem o desempenho da antiga Atom Empreendimentos e Participa\u00e7\u00f5es S.A. (ATOM3) no \u00faltimo trimestre de 2024. Dentre os destaques financeiros, est\u00e1 um preju\u00edzo l\u00edquido de R$ 366 mil, valor que reflete uma movimenta\u00e7\u00e3o cont\u00e1bil j\u00e1 informada pela antiga Administra\u00e7\u00e3o e fruto de um cr\u00e9dito tribut\u00e1rio diferido. Com a recente transforma\u00e7\u00e3o societ\u00e1ria da companhia e altera\u00e7\u00e3o de seu objeto social, diferente daquele que originou o cr\u00e9dito tribut\u00e1rio, a atual Administra\u00e7\u00e3o promoveu sua revers\u00e3o.<\/p>\r\n<p data-path-to-node=\"16\">En d\u00e9cembre 2024, Fictor Alimentos a achev\u00e9 la scission partielle de ses actifs dans le secteur de l'\u00e9ducation, incorpor\u00e9s par une ancienne filiale, et a commenc\u00e9 \u00e0 op\u00e9rer dans le secteur alimentaire. Cette op\u00e9ration a eu un impact direct sur la structure du capital de l'entreprise. Au cours de l'ann\u00e9e 2024, les actions de l'entreprise ont compl\u00e8tement diverg\u00e9 du secteur et du march\u00e9 en g\u00e9n\u00e9ral, affichant une hausse impressionnante de leur valeur et une r\u00e9duction drastique des positions courtes (c'est-\u00e0-dire une baisse significative des op\u00e9rations \"shorte\"). Cela montre que le march\u00e9 estime que la tendance est \u00e0 la hausse et qu'il n'y a pas de doutes majeurs quant aux performances futures de l'entreprise.<\/p>\r\n<h2 data-path-to-node=\"17\"><b data-path-to-node=\"17\" data-index-in-node=\"0\">A Agenda ESG na pr\u00e1tica<\/b><\/h2>\r\n<h3 data-path-to-node=\"18\"><b data-path-to-node=\"18\" data-index-in-node=\"0\">Acionista \u2013 Como a empresa est\u00e1 abordando quest\u00f5es ambientais, sociais e de governan\u00e7a (ESG)?<\/b><\/h3>\r\n<p data-path-to-node=\"19\"><b data-path-to-node=\"19\" data-index-in-node=\"0\">AV -<\/b> Temos plena consci\u00eancia de que, no setor de prote\u00edna animal, os compromissos ESG n\u00e3o s\u00e3o opcionais \u2014 s\u00e3o parte do nosso dever com a sociedade, com o meio ambiente e com os investidores. Por isso, a Fictor Alimentos est\u00e1 implementando uma <b data-path-to-node=\"19\" data-index-in-node=\"243\">agenda ESG<\/b> com metas concretas, integradas \u00e0 nossa estrat\u00e9gia de neg\u00f3cios. No aspecto ambiental, \u00e9 natural que a companhia considere investimentos em tecnologias para reduzir emiss\u00f5es, uso de \u00e1gua e gera\u00e7\u00e3o de res\u00edduos, al\u00e9m de refor\u00e7ar o monitoramento da cadeia de fornecedores para garantir pr\u00e1ticas sustent\u00e1veis.<\/p>\r\n<p data-path-to-node=\"20\">Sob a \u00f3tica social, a prioridade ao bem-estar animal \u00e9 intr\u00ednseca \u00e0s demandas do setor. Durante nosso toque de campainha na <b data-path-to-node=\"20\" data-index-in-node=\"124\">B3<\/b> em 05\/11\/2024, refor\u00e7amos tamb\u00e9m nossa preocupa\u00e7\u00e3o com seguran\u00e7a alimentar, com o desenvolvimento dos nossos colaboradores e com o engajamento de comunidades locais, especialmente em regi\u00f5es onde potencialmente teremos unidades produtivas. E, em governan\u00e7a, nossa chegada \u00e0 B3 j\u00e1 foi um marco: aprimoramos continuamente nossas estruturas de compliance, controles internos e transpar\u00eancia. Temos um Conselho de Administra\u00e7\u00e3o atuante e evolu\u00edmos nossas pr\u00e1ticas de reporte com a ado\u00e7\u00e3o de boas pr\u00e1ticas em nosso programa de Rela\u00e7\u00f5es com Investidores. Sabemos que o caminho \u00e9 cont\u00ednuo, mas estamos comprometidos em ser parte da solu\u00e7\u00e3o \u2014 liderando com responsabilidade e construindo uma empresa que gera valor no longo prazo, para todos os seus stakeholders.<\/p>\r\n<h2 data-path-to-node=\"21\"><b data-path-to-node=\"21\" data-index-in-node=\"0\">Metas ambientais e futuro da Agenda ESG<\/b><\/h2>\r\n<h3 data-path-to-node=\"22\"><b data-path-to-node=\"22\" data-index-in-node=\"0\">Acionista \u2013 H\u00e1 metas espec\u00edficas para redu\u00e7\u00e3o de emiss\u00f5es ou impacto ambiental?<\/b><\/h3>\r\n<p data-path-to-node=\"23\"><b data-path-to-node=\"23\" data-index-in-node=\"0\">AV -<\/b> Sem d\u00favida, uma empresa do agroneg\u00f3cio deve celebrar compromissos importantes na agenda ambiental. Embora ainda n\u00e3o tenhamos divulgado metas quantitativas espec\u00edficas para redu\u00e7\u00e3o de emiss\u00f5es ou impacto ambiental, esse tamb\u00e9m \u00e9 um tema priorit\u00e1rio dentro do nosso plano de evolu\u00e7\u00e3o da nossa <b data-path-to-node=\"23\" data-index-in-node=\"296\">agenda ESG<\/b>. Estamos em fase avan\u00e7ada de diagn\u00f3stico da nossa pegada ambiental, com apoio t\u00e9cnico especializado, para garantir que as metas que venham a ser estabelecidas sejam realistas, audit\u00e1veis e alinhadas \u00e0s melhores pr\u00e1ticas de mercado.<\/p>\r\n<p data-path-to-node=\"24\">Mais do que metas de curto prazo, queremos construir compromissos s\u00f3lidos e transparentes, integrados ao nosso modelo de neg\u00f3cios. A ambi\u00e7\u00e3o \u00e9 clara: reduzir impactos, aumentar efici\u00eancia e gerar valor ambiental em todas as etapas da cadeia \u2014 da granja ao consumidor. E, como companhia listada na B3, sabemos da import\u00e2ncia de comunicar esse progresso de forma clara e respons\u00e1vel. Nosso compromisso \u00e9 evoluir com consist\u00eancia e trazer o investidor junto nessa jornada.<\/p>\r\n<h2 data-path-to-node=\"25\"><b data-path-to-node=\"25\" data-index-in-node=\"0\">Mapeamento de riscos<\/b><\/h2>\r\n<h3 data-path-to-node=\"26\"><b data-path-to-node=\"26\" data-index-in-node=\"0\">Acionista \u2013 Quais s\u00e3o os principais riscos ESG identificados pela empresa?<\/b><\/h3>\r\n<p data-path-to-node=\"27\"><b data-path-to-node=\"27\" data-index-in-node=\"0\">AV -<\/b> ESG \u00e9 uma jornada cont\u00ednua \u2014 e ela come\u00e7a com o mapeamento dos nossos principais riscos. Estamos justamente nessa etapa: conduzindo um diagn\u00f3stico aprofundado, com apoio t\u00e9cnico qualificado, para identificar os riscos ESG mais relevantes para o nosso modelo de neg\u00f3cios \u2014 considerando nossos ativos, opera\u00e7\u00f5es e cadeia de valor, tanto em aves quanto em pescados e frutos do mar.<\/p>\r\n<p data-path-to-node=\"28\">Nosso compromisso \u00e9 tratar o tema com a seriedade que ele exige, para que as a\u00e7\u00f5es futuras \u2014 inclusive eventuais metas \u2014 estejam baseadas em dados confi\u00e1veis e reflitam nossa realidade operacional. Estamos dando passos concretos nessa dire\u00e7\u00e3o, e o investidor pode esperar da <b data-path-to-node=\"28\" data-index-in-node=\"275\">Fictor Foods<\/b> uma atua\u00e7\u00e3o cada vez mais transparente, respons\u00e1vel e alinhada \u00e0s melhores pr\u00e1ticas de governan\u00e7a ambiental e social.<\/p>\r\n<p data-path-to-node=\"28\"><br \/><a href=\"https:\/\/acionista.com.br\/esg-e-dever-com-a-sociedade-diz-ri-da-fictor-alimentos-fict3\/\" target=\"_blank\" rel=\"noopener\">Source : Actionnaires<\/a><\/p>","protected":false},"excerpt":{"rendered":"<p>PARTE 2 Caro Investidor! Dando sequ\u00eancia \u00e0 nossa s\u00e9rie de entrevistas com os profissionais de Relacionamento com Investidores (RIs) das empresas de capital aberto, assim como realizamos com a Estapar em dezembro passado, a conversa dessa vez foi com Andr\u00e9 Vasconcellos, RI da Fictor Alimentos (FICT3). O objetivo da s\u00e9rie \u00e9 que voc\u00ea conhe\u00e7a a [&hellip;]<\/p>\n","protected":false},"author":4,"featured_media":2923,"comment_status":"closed","ping_status":"closed","sticky":false,"template":"","format":"standard","meta":{"_acf_changed":false,"inline_featured_image":false,"footnotes":""},"categories":[30,28],"tags":[],"class_list":["post-2196","post","type-post","status-publish","format-standard","has-post-thumbnail","hentry","category-acionista","category-entrevista"],"acf":[],"_links":{"self":[{"href":"https:\/\/ri.fictoralimentos.com.br\/fr\/wp-json\/wp\/v2\/posts\/2196","targetHints":{"allow":["GET"]}}],"collection":[{"href":"https:\/\/ri.fictoralimentos.com.br\/fr\/wp-json\/wp\/v2\/posts"}],"about":[{"href":"https:\/\/ri.fictoralimentos.com.br\/fr\/wp-json\/wp\/v2\/types\/post"}],"author":[{"embeddable":true,"href":"https:\/\/ri.fictoralimentos.com.br\/fr\/wp-json\/wp\/v2\/users\/4"}],"replies":[{"embeddable":true,"href":"https:\/\/ri.fictoralimentos.com.br\/fr\/wp-json\/wp\/v2\/comments?post=2196"}],"version-history":[{"count":6,"href":"https:\/\/ri.fictoralimentos.com.br\/fr\/wp-json\/wp\/v2\/posts\/2196\/revisions"}],"predecessor-version":[{"id":2930,"href":"https:\/\/ri.fictoralimentos.com.br\/fr\/wp-json\/wp\/v2\/posts\/2196\/revisions\/2930"}],"wp:featuredmedia":[{"embeddable":true,"href":"https:\/\/ri.fictoralimentos.com.br\/fr\/wp-json\/wp\/v2\/media\/2923"}],"wp:attachment":[{"href":"https:\/\/ri.fictoralimentos.com.br\/fr\/wp-json\/wp\/v2\/media?parent=2196"}],"wp:term":[{"taxonomy":"category","embeddable":true,"href":"https:\/\/ri.fictoralimentos.com.br\/fr\/wp-json\/wp\/v2\/categories?post=2196"},{"taxonomy":"post_tag","embeddable":true,"href":"https:\/\/ri.fictoralimentos.com.br\/fr\/wp-json\/wp\/v2\/tags?post=2196"}],"curies":[{"name":"wp","href":"https:\/\/api.w.org\/{rel}","templated":true}]}}