{"id":2234,"date":"2025-04-30T13:15:00","date_gmt":"2025-04-30T13:15:00","guid":{"rendered":"https:\/\/ri.fictoralimentos.com.br\/?p=2234"},"modified":"2026-01-05T20:09:36","modified_gmt":"2026-01-05T20:09:36","slug":"fictor-alimentos-ma-exportacao-de-suinos","status":"publish","type":"post","link":"https:\/\/ri.fictoralimentos.com.br\/fr\/fictor-alimentos-ma-exportacao-de-suinos\/","title":{"rendered":"Fictor Alimentos r\u00e9alise sa premi\u00e8re fusion-acquisition et vise \u00e0 exporter des porcs vers le Moyen-Orient et l'Afrique"},"content":{"rendered":"<p data-path-to-node=\"7\"><em>Proposta para aquisi\u00e7\u00e3o da Mellore, em recupera\u00e7\u00e3o judicial desde 2017, foi aprovada pelo administrador judicial e viabiliza a exporta\u00e7\u00e3o de su\u00ednos. Empresa planeja novas aquisi\u00e7\u00f5es de ativos estressados.<\/em><\/p>\r\n<p data-path-to-node=\"8\">A <b data-path-to-node=\"8\" data-index-in-node=\"2\">Fictor Foods<\/b> entrou no radar dos investidores no fim do ano passado ao fazer um <a href=\"https:\/\/ri.fictoralimentos.com.br\/fr\/o-que-e-o-ipo-reverso-e-por-que-ele-pode-ser-tendencia-para-a-bolsa-em-2025\/\"><b data-path-to-node=\"8\" data-index-in-node=\"86\">Introduction en bourse invers\u00e9e<\/b><\/a>. Quatro meses ap\u00f3s esse movimento, a empresa, cujos donos t\u00eam neg\u00f3cios que v\u00e3o do setor financeiro ao agroneg\u00f3cio, concretizou o seu primeiro <b data-path-to-node=\"8\" data-index-in-node=\"240\">M&amp;A<\/b>. Na quarta-feira, 30 de abril, a companhia obteve a aprova\u00e7\u00e3o do administrador judicial para a compra da <a href=\"https:\/\/ri.fictoralimentos.com.br\/fr\/aquisicao-mellore-alimentos-betim\/\"><b data-path-to-node=\"8\" data-index-in-node=\"349\">Mellore Alimentos<\/b><\/a>, por R$ 30,4 milh\u00f5es, empresa em processo de recupera\u00e7\u00e3o judicial (RJ) desde 2017.<\/p>\r\n<p data-path-to-node=\"9\">O valor representa um des\u00e1gio de 67,45% do valor da causa da RJ da Mellore, fixado em R$ 93,4 milh\u00f5es. \u201cCom a homologa\u00e7\u00e3o, n\u00e3o h\u00e1 risco de a Fictor Alimentos sofrer qualquer san\u00e7\u00e3o ou bloqueio por causa de d\u00edvidas da Mellore\u201d, diz Andr\u00e9 Vasconcellos, diretor de Estrat\u00e9gia, Planejamento e Rela\u00e7\u00f5es com Investidores da Fictor Alimentos, ao <i data-path-to-node=\"9\" data-index-in-node=\"339\">Neofeed<\/i>.<\/p>\r\n<h2 data-path-to-node=\"10\"><b data-path-to-node=\"10\" data-index-in-node=\"0\">Estrutura do pagamento e ativos estressados<\/b><\/h2>\r\n<p data-path-to-node=\"11\">Selon le dirigeant, le calendrier de paiement initial inclura les dettes fiscales et sociales. Selon le document approuv\u00e9 par le syndic, Fictor Alimentos paiera initialement 7,8 millions de roupies, dont 3,9 millions de roupies dans les 30 jours suivant la ratification de l'accord d'achat et le reste en 24 versements. Les fonds seront utilis\u00e9s pour payer les appels d'offres et les dettes qui existaient avant la ratification du RJ.<\/p>\r\n<p data-path-to-node=\"12\">No plano, a empresa detalha as demais ordens de pagamentos. O foco da empresa \u00e9 justamente a compra de empresas em situa\u00e7\u00f5es de RJ ou em processo falimentar. \u201cO core da empresa \u00e9 buscar <b data-path-to-node=\"12\" data-index-in-node=\"186\">ativos estressados<\/b>. Com isso, a gente consegue assegurar valores bem vantajosos e leva em considera\u00e7\u00e3o tamb\u00e9m o potencial dessas companhias\u201d, afirma Vasconcellos.<\/p>\r\n<p data-path-to-node=\"13\">Situ\u00e9e \u00e0 Betim, Minas Gerais, l'unit\u00e9 de production de Mellore dispose d'une surface b\u00e2tie de 9 000 m\u00b2 et d'une capacit\u00e9 de production de 1 700 tonnes par mois de produits finis d'origine animale. Bien qu'elle soit autoris\u00e9e \u00e0 op\u00e9rer dans le secteur de la viande bovine et porcine, aujourd'hui 100% de la production de Mellore est du porc.<\/p>\r\n<h2 data-path-to-node=\"14\"><b data-path-to-node=\"14\" data-index-in-node=\"0\">Foco na exporta\u00e7\u00e3o de su\u00ednos<\/b><\/h2>\r\n<p data-path-to-node=\"15\">Al\u00e9m de aprimorar os processos produtivos, a Fictor Alimentos pretende adotar uma pol\u00edtica de exporta\u00e7\u00e3o de su\u00ednos, aproveitando a habilita\u00e7\u00e3o da Mellore concedida em 2015 pelo Minist\u00e9rio da Agricultura, Pecu\u00e1ria e Abastecimento, mas que n\u00e3o era explorada de forma representativa pelos atuais donos.<\/p>\r\n<p data-path-to-node=\"16\">A lista contempla 100 pa\u00edses em que a empresa pode atuar na exporta\u00e7\u00e3o de su\u00ednos, como Hong Kong, Catar e Emirados \u00c1rabes e mercados na Am\u00e9rica do Sul. O foco, segundo Vasconcellos, ser\u00e1 inicialmente Oriente M\u00e9dio e continente africano.<\/p>\r\n<p data-path-to-node=\"17\">Hoje o mercado de prote\u00edna animal no Brasil \u00e9 dominado por quatro grandes companhias: JBS, BRF, Marfrig e Minerva. Mas h\u00e1 uma pulveriza\u00e7\u00e3o de empresas menores que atendem o mercado, principalmente em escala regional.E \u00e9 nesse fil\u00e3o que a Fictor Alimentos pretende atuar.<\/p>\r\n<p data-path-to-node=\"17\">Com a mudan\u00e7a, a Mellore deve adotar o nome da compradora. Ainda n\u00e3o est\u00e1 definido como ficar\u00e3o as marcas dos produtos comercializados, mas a expectativa \u00e9 que a senten\u00e7a aprovando a compra saia antes do fim do segundo trimestre. O processo tramita na Vara Empresarial, da Fazenda P\u00fablica e Autarquias, de Registros P\u00fablicos e de Acidentes do Trabalho da Comarca de Betim.<\/p>\r\n<h2 data-path-to-node=\"18\"><b data-path-to-node=\"18\" data-index-in-node=\"0\">Expans\u00e3o e novos M&amp;As<\/b><\/h2>\r\n<p data-path-to-node=\"19\">Fictor Alimentos pr\u00e9voit de proc\u00e9der \u00e0 d'autres acquisitions d'ici \u00e0 2025. \"Nous visons des entreprises de volaille, de poisson et de fruits de mer. Pour ce faire, l'entreprise dispose d\u00e9j\u00e0 d'une autorisation d'augmentation de capital, avec des apports d'actionnaires qui entra\u00eeneront ce mouvement. Toutefois, aucun montant n'a \u00e9t\u00e9 fix\u00e9 pour les prochaines fusions-acquisitions.<\/p>\r\n<h2 data-path-to-node=\"20\"><b data-path-to-node=\"20\" data-index-in-node=\"0\">Entenda o IPO Reverso<\/b><\/h2>\r\n<p data-path-to-node=\"21\">Fictor Alimentos a \u00e9t\u00e9 cr\u00e9\u00e9e par Fictor Holding, qui d\u00e9tient des investissements dans le secteur financier et l'agroalimentaire, tels que les marques Dr Food, Fredini et Vensa, et par Aqwa Capital, qui poss\u00e8de des actifs agroalimentaires li\u00e9s \u00e0 la production d'huile et d'arachides. Pour cr\u00e9er Fictor Alimentos, ils ont pris le contr\u00f4le d'Atom Participa\u00e7\u00f5es, une soci\u00e9t\u00e9 cot\u00e9e en B3 fond\u00e9e par Carol Paiffer et Joaquim Paiffer pour former des n\u00e9gociants.<\/p>\r\n<p data-path-to-node=\"22\">Ap\u00f3s a aquisi\u00e7\u00e3o, eles aproveitaram a &#8220;carca\u00e7a&#8221; da Atom na B3 e concretizaram o IPO reverso. Juntas, Fictor Holding e Aqwa det\u00e9m 76,5% de participa\u00e7\u00e3o acion\u00e1ria. Os outros 23,5% est\u00e3o em circula\u00e7\u00e3o no mercado. S\u00e3o 5.043 acionistas, dos quais 95% s\u00e3o de pessoas f\u00edsicas.<\/p>\r\n<p data-path-to-node=\"23\">O valor que a Fictor Alimentos ir\u00e1 desembolsar para a compra da Mellore \u00e9 superior inclusive ao que foi pago aos antigos donos da Atom Participa\u00e7\u00f5es no ano passado, no valor de R$ 20 milh\u00f5es. \u201cIsso mostra o quanto poderemos crescer com essa aquisi\u00e7\u00e3o. A mensagem que passamos ao mercado \u00e9 que a Fictor Alimentos est\u00e1 capitalizada e preparada para crescer de forma significativa\u201d, diz Vasconcellos.<\/p>\r\n<p data-path-to-node=\"24\">Les actions de Fictor Alimentos sur B3 ont augment\u00e9 de 28,39% au cours de l'ann\u00e9e jusqu'en 2025. La soci\u00e9t\u00e9 est \u00e9valu\u00e9e \u00e0 R$ 96,70 millions.<\/p>\r\n<p class=\"\"><a href=\"http:\/\/www.neofeed.com.br\/negocios\/fictor-alimentos-faz-primeiro-ma-e-mira-exportacao-de-suinos-para-oriente-medio-e-africa\" target=\"_blank\" rel=\"noopener\">Source : NEOFEED<\/a><\/p>","protected":false},"excerpt":{"rendered":"<p>Proposta para aquisi\u00e7\u00e3o da Mellore, em recupera\u00e7\u00e3o judicial desde 2017, foi aprovada pelo administrador judicial e viabiliza a exporta\u00e7\u00e3o de su\u00ednos. Empresa planeja novas aquisi\u00e7\u00f5es de ativos estressados. A Fictor Alimentos entrou no radar dos investidores no fim do ano passado ao fazer um IPO reverso. Quatro meses ap\u00f3s esse movimento, a empresa, cujos donos [&hellip;]<\/p>\n","protected":false},"author":4,"featured_media":2916,"comment_status":"closed","ping_status":"closed","sticky":false,"template":"","format":"standard","meta":{"_acf_changed":false,"inline_featured_image":false,"footnotes":""},"categories":[28,51],"tags":[],"class_list":["post-2234","post","type-post","status-publish","format-standard","has-post-thumbnail","hentry","category-entrevista","category-neofeed"],"acf":[],"_links":{"self":[{"href":"https:\/\/ri.fictoralimentos.com.br\/fr\/wp-json\/wp\/v2\/posts\/2234","targetHints":{"allow":["GET"]}}],"collection":[{"href":"https:\/\/ri.fictoralimentos.com.br\/fr\/wp-json\/wp\/v2\/posts"}],"about":[{"href":"https:\/\/ri.fictoralimentos.com.br\/fr\/wp-json\/wp\/v2\/types\/post"}],"author":[{"embeddable":true,"href":"https:\/\/ri.fictoralimentos.com.br\/fr\/wp-json\/wp\/v2\/users\/4"}],"replies":[{"embeddable":true,"href":"https:\/\/ri.fictoralimentos.com.br\/fr\/wp-json\/wp\/v2\/comments?post=2234"}],"version-history":[{"count":4,"href":"https:\/\/ri.fictoralimentos.com.br\/fr\/wp-json\/wp\/v2\/posts\/2234\/revisions"}],"predecessor-version":[{"id":2917,"href":"https:\/\/ri.fictoralimentos.com.br\/fr\/wp-json\/wp\/v2\/posts\/2234\/revisions\/2917"}],"wp:featuredmedia":[{"embeddable":true,"href":"https:\/\/ri.fictoralimentos.com.br\/fr\/wp-json\/wp\/v2\/media\/2916"}],"wp:attachment":[{"href":"https:\/\/ri.fictoralimentos.com.br\/fr\/wp-json\/wp\/v2\/media?parent=2234"}],"wp:term":[{"taxonomy":"category","embeddable":true,"href":"https:\/\/ri.fictoralimentos.com.br\/fr\/wp-json\/wp\/v2\/categories?post=2234"},{"taxonomy":"post_tag","embeddable":true,"href":"https:\/\/ri.fictoralimentos.com.br\/fr\/wp-json\/wp\/v2\/tags?post=2234"}],"curies":[{"name":"wp","href":"https:\/\/api.w.org\/{rel}","templated":true}]}}