{"id":1148,"date":"2024-10-18T00:09:00","date_gmt":"2024-10-18T00:09:00","guid":{"rendered":"https:\/\/ri.fictoralimentos.com.br\/?p=1148"},"modified":"2026-01-06T20:15:47","modified_gmt":"2026-01-06T20:15:47","slug":"atom-vira-fictor-atom-educacao-cisao-b3","status":"publish","type":"post","link":"https:\/\/ri.fictoralimentos.com.br\/ru\/atom-vira-fictor-atom-educacao-cisao-b3\/","title":{"rendered":"Atom \u0441\u0442\u0430\u043d\u043e\u0432\u0438\u0442\u0441\u044f Fictor, \u0430 Atom Educa\u00e7\u00e3o \u0431\u0443\u0434\u0435\u0442 \u0432\u043a\u043b\u044e\u0447\u0435\u043d\u0430 \u0432 \u0441\u043f\u0438\u0441\u043e\u043a B3"},"content":{"rendered":"<p class=\"\"><em>\u0420\u0430\u0437\u0434\u0435\u043b\u0435\u043d\u0438\u0435 \u043f\u043e\u0437\u0432\u043e\u043b\u0438\u0442 Atom Educa\u00e7\u00e3o \u0441\u0442\u0430\u0442\u044c \u043f\u0443\u0431\u043b\u0438\u0447\u043d\u043e\u0439 \u043a\u043e\u043c\u043f\u0430\u043d\u0438\u0435\u0439, \u0430\u043a\u0446\u0438\u0438 \u043a\u043e\u0442\u043e\u0440\u043e\u0439 \u0431\u0443\u0434\u0443\u0442 \u043a\u043e\u0442\u0438\u0440\u043e\u0432\u0430\u0442\u044c\u0441\u044f \u043d\u0430 B3, \u0431\u0430\u0437\u043e\u0432\u043e\u043c \u0441\u0435\u0433\u043c\u0435\u043d\u0442\u0435.<br \/><\/em><\/p>\r\n\r\n\r\n\r\n<p>A Atom Educa\u00e7\u00e3o se prepara para se tornar uma companhia aberta independente ap\u00f3s a Atom Participa\u00e7\u00f5es (<a href=\"https:\/\/dinheirama.com\/cotacoes\/atom-atom3\/\" target=\"_blank\" rel=\"noopener\">ATOM3<\/a>) realizar uma Assembleia Geral Extraordin\u00e1ria (AGE) no dia 17 de outubro de 2024. O encontro, em formato digital, aprovou importantes decis\u00f5es estrat\u00e9gicas, sendo a principal pauta a cis\u00e3o parcial da empresa, transferindo parte de seu patrim\u00f4nio para a Atom Educa\u00e7\u00e3o e Editora, uma subsidi\u00e1ria integral, <a href=\"https:\/\/www.rad.cvm.gov.br\/ENET\/frmExibirArquivoIPEExterno.aspx?NumeroProtocoloEntrega=1292611\" target=\"_blank\" rel=\"noopener\">\u043f\u043e\u043a\u0430\u0437\u044b\u0432\u0430\u0435\u0442 \u0437\u0430\u044f\u0432\u043b\u0435\u043d\u0438\u0435, \u043e\u0442\u043f\u0440\u0430\u0432\u043b\u0435\u043d\u043d\u043e\u0435 \u043d\u0430 \u0440\u044b\u043d\u043e\u043a<\/a>.<\/p>\r\n<p>\u0412 \u0440\u0435\u0437\u0443\u043b\u044c\u0442\u0430\u0442\u0435 \u0440\u0430\u0437\u0434\u0435\u043b\u0435\u043d\u0438\u044f \u0432 \u043a\u0430\u043f\u0438\u0442\u0430\u043b Atom \u0431\u0443\u0434\u0435\u0442 \u0432\u043a\u043b\u044e\u0447\u0435\u043d\u043e 70% \u0430\u043a\u0446\u0438\u0439, \u0441\u043e\u0441\u0442\u043e\u044f\u0449\u0438\u0445 \u0438\u0437 \u043f\u0440\u0430\u0432 \u043d\u0430 \u0438\u043d\u0442\u0435\u043b\u043b\u0435\u043a\u0442\u0443\u0430\u043b\u044c\u043d\u0443\u044e \u0441\u043e\u0431\u0441\u0442\u0432\u0435\u043d\u043d\u043e\u0441\u0442\u044c, \u043e\u0446\u0435\u043d\u0435\u043d\u043d\u044b\u0445 \u043d\u0430 \u043e\u0441\u043d\u043e\u0432\u0435 \u0431\u0430\u043b\u0430\u043d\u0441\u043e\u0432\u044b\u0445 \u043e\u0442\u0447\u0435\u0442\u043e\u0432 \u0434\u043e 30 \u0438\u044e\u043d\u044f 2024 \u0433\u043e\u0434\u0430.<\/p>\r\n<h2>O futuro da Atom Educa\u00e7\u00e3o na B3<\/h2>\r\n<p>\u0420\u0430\u0437\u0434\u0435\u043b\u0435\u043d\u0438\u0435 \u043f\u043e\u0437\u0432\u043e\u043b\u0438\u0442 Atom Educa\u00e7\u00e3o \u0441\u0442\u0430\u0442\u044c \u043f\u0443\u0431\u043b\u0438\u0447\u043d\u043e\u0439 \u043a\u043e\u043c\u043f\u0430\u043d\u0438\u0435\u0439, \u0430\u043a\u0446\u0438\u0438 \u043a\u043e\u0442\u043e\u0440\u043e\u0439 \u0431\u0443\u0434\u0443\u0442 \u043a\u043e\u0442\u0438\u0440\u043e\u0432\u0430\u0442\u044c\u0441\u044f \u0432 \u0431\u0430\u0437\u043e\u0432\u043e\u043c \u0441\u0435\u0433\u043c\u0435\u043d\u0442\u0435 B3. \u0410\u043a\u0446\u0438\u043e\u043d\u0435\u0440\u044b \u0442\u0430\u043a\u0436\u0435 \u0443\u043f\u043e\u043b\u043d\u043e\u043c\u043e\u0447\u0438\u043b\u0438 \u0441\u043e\u0432\u0435\u0442 \u0434\u0438\u0440\u0435\u043a\u0442\u043e\u0440\u043e\u0432 \u043f\u0440\u0438\u043d\u044f\u0442\u044c \u0432\u0441\u0435 \u043d\u0435\u043e\u0431\u0445\u043e\u0434\u0438\u043c\u044b\u0435 \u043c\u0435\u0440\u044b \u0434\u043b\u044f \u0437\u0430\u0432\u0435\u0440\u0448\u0435\u043d\u0438\u044f \u043e\u043f\u0435\u0440\u0430\u0446\u0438\u0438, \u043a\u043e\u0442\u043e\u0440\u044b\u0435 \u0432\u043a\u043b\u044e\u0447\u0430\u044e\u0442 \u043f\u043e\u043b\u0443\u0447\u0435\u043d\u0438\u0435 \u0440\u0430\u0437\u0440\u0435\u0448\u0435\u043d\u0438\u0439 \u0440\u0435\u0433\u0443\u043b\u0438\u0440\u0443\u044e\u0449\u0438\u0445 \u043e\u0440\u0433\u0430\u043d\u043e\u0432, \u0432 \u0447\u0430\u0441\u0442\u043d\u043e\u0441\u0442\u0438, \u0440\u0435\u0433\u0438\u0441\u0442\u0440\u0430\u0446\u0438\u044e Atom Educa\u00e7\u00e3o \u0432 CVM \u0432 \u043a\u0430\u0447\u0435\u0441\u0442\u0432\u0435 \u043f\u0443\u0431\u043b\u0438\u0447\u043d\u043e\u0439 \u043a\u043e\u043c\u043f\u0430\u043d\u0438\u0438 \u043a\u0430\u0442\u0435\u0433\u043e\u0440\u0438\u0438 \u0410.<\/p>\r\n<h2>Atom vira Fictor Alimentos S.A.<\/h2>\r\n<p>Outro ponto importante discutido foi a altera\u00e7\u00e3o do estatuto social, adaptando-o \u00e0 nova realidade da empresa ap\u00f3s a sa\u00edda da Atom Educa\u00e7\u00e3o. O capital social foi reduzido para R$ 10,48 milh\u00f5es, refletindo a transfer\u00eancia dos ativos.<\/p>\r\n<p>Al\u00e9m disso, foi aprovada a altera\u00e7\u00e3o da denomina\u00e7\u00e3o social da empresa, que passar\u00e1 a se chamar <a href=\"https:\/\/ri.fictoralimentos.com.br\/ru\/fictor-alimentos\/\">Fictor Alimentos S.A.<\/a>, alinhando-se ao novo foco de neg\u00f3cios no setor aliment\u00edcio. A reforma do estatuto social incluiu a mudan\u00e7a do objeto social, que agora se dedicar\u00e1 a atividades como a cria\u00e7\u00e3o de frangos para corte e a produ\u00e7\u00e3o de pintos de um dia.<\/p>\r\n<h2>Nova Gest\u00e3o e Direito de Recesso<\/h2>\r\n<p>\u0410\u0441\u0441\u0430\u043c\u0431\u043b\u0435\u044f \u0442\u0430\u043a\u0436\u0435 \u0438\u0437\u0431\u0440\u0430\u043b\u0430 \u043d\u043e\u0432\u044b\u0445 \u0447\u043b\u0435\u043d\u043e\u0432 \u0421\u043e\u0432\u0435\u0442\u0430 \u0434\u0438\u0440\u0435\u043a\u0442\u043e\u0440\u043e\u0432, \u0432\u043a\u043b\u044e\u0447\u0430\u044f \u041c\u0430\u0440\u0441\u0438\u044e \u041a\u0430\u043c\u043f\u043e\u0441, \u041c\u0430\u0443\u0440\u0438\u0441\u0438\u043e \u041c\u0435\u043d\u0434\u0435\u0441\u0430 \u0414\u0443\u0442\u0440\u0443, <a href=\"https:\/\/www.linkedin.com\/in\/phillipperubini\/\" target=\"_blank\" rel=\"noopener\">\u041b\u0443\u0438\u0441 \u0424\u0438\u043b\u043b\u0438\u043f\u0435 \u0413\u043e\u043c\u0435\u0448 \u0420\u0443\u0431\u0438\u043d\u0438<\/a> e <a href=\"https:\/\/www.linkedin.com\/in\/rafaelgois\/\" target=\"_blank\" rel=\"noopener\">\u0420\u0430\u0444\u0430\u044d\u043b\u044c \u0420\u0438\u0431\u0435\u0439\u0440\u043e \u041b\u0435\u0439\u0442\u0435 \u0434\u0435 \u0413\u043e\u0438\u0441<\/a>, com mandato at\u00e9 2026.<\/p>\r\n<p>Al\u00e9m disso, foi aprovado o direito de recesso aos acionistas dissidentes da opera\u00e7\u00e3o, que poder\u00e3o receber R$ 1,64 por a\u00e7\u00e3o. Esse direito ser\u00e1 exercido apenas ap\u00f3s a efetiva\u00e7\u00e3o da cis\u00e3o, prevista para ocorrer quando a Atom Educa\u00e7\u00e3o for listada na B3 e registrada na CVM.<\/p>\r\n<p>No total, as mudan\u00e7as visam otimizar a estrutura organizacional, possibilitando o foco da Fictor no novo segmento de atua\u00e7\u00e3o e a independ\u00eancia da Atom Educa\u00e7\u00e3o.<\/p>\r\n\r\n\r\n\r\n<p class=\"\"><a href=\"https:\/\/pt.scribd.com\/document\/781327580\/Atom-015423000101011-1\" target=\"_blank\" rel=\"noopener\">\u0421\u043c. \u043f\u0440\u0435\u0441\u0441-\u0440\u0435\u043b\u0438\u0437 \u043a\u043e\u043c\u043f\u0430\u043d\u0438\u0438 Atom<\/a><\/p>\r\n\r\n\r\n\r\n<p class=\"\"><a href=\"https:\/\/dinheirama.com\/atom-vira-fictor-e-ira-criar-galinhas-atom-educacao-ficara-na-b3\/\" target=\"_blank\" rel=\"noopener\">\u0418\u0441\u0442\u043e\u0447\u043d\u0438\u043a: \u0421\u0442\u0430\u0442\u044c\u044f \u043e\u043f\u0443\u0431\u043b\u0438\u043a\u043e\u0432\u0430\u043d\u0430 \u0441\u0430\u0439\u0442\u043e\u043c Dinheirama<\/a><\/p>","protected":false},"excerpt":{"rendered":"<p>Foi aprovada a altera\u00e7\u00e3o da denomina\u00e7\u00e3o social da empresa, que passar\u00e1 a se chamar Fictor Alimentos S.A., alinhando-se ao novo foco de neg\u00f3cios no setor aliment\u00edcio.<\/p>","protected":false},"author":4,"featured_media":2991,"comment_status":"open","ping_status":"open","sticky":false,"template":"","format":"standard","meta":{"_acf_changed":false,"inline_featured_image":false,"footnotes":""},"categories":[23],"tags":[],"class_list":["post-1148","post","type-post","status-publish","format-standard","has-post-thumbnail","hentry","category-noticias"],"acf":[],"_links":{"self":[{"href":"https:\/\/ri.fictoralimentos.com.br\/ru\/wp-json\/wp\/v2\/posts\/1148","targetHints":{"allow":["GET"]}}],"collection":[{"href":"https:\/\/ri.fictoralimentos.com.br\/ru\/wp-json\/wp\/v2\/posts"}],"about":[{"href":"https:\/\/ri.fictoralimentos.com.br\/ru\/wp-json\/wp\/v2\/types\/post"}],"author":[{"embeddable":true,"href":"https:\/\/ri.fictoralimentos.com.br\/ru\/wp-json\/wp\/v2\/users\/4"}],"replies":[{"embeddable":true,"href":"https:\/\/ri.fictoralimentos.com.br\/ru\/wp-json\/wp\/v2\/comments?post=1148"}],"version-history":[{"count":6,"href":"https:\/\/ri.fictoralimentos.com.br\/ru\/wp-json\/wp\/v2\/posts\/1148\/revisions"}],"predecessor-version":[{"id":2992,"href":"https:\/\/ri.fictoralimentos.com.br\/ru\/wp-json\/wp\/v2\/posts\/1148\/revisions\/2992"}],"wp:featuredmedia":[{"embeddable":true,"href":"https:\/\/ri.fictoralimentos.com.br\/ru\/wp-json\/wp\/v2\/media\/2991"}],"wp:attachment":[{"href":"https:\/\/ri.fictoralimentos.com.br\/ru\/wp-json\/wp\/v2\/media?parent=1148"}],"wp:term":[{"taxonomy":"category","embeddable":true,"href":"https:\/\/ri.fictoralimentos.com.br\/ru\/wp-json\/wp\/v2\/categories?post=1148"},{"taxonomy":"post_tag","embeddable":true,"href":"https:\/\/ri.fictoralimentos.com.br\/ru\/wp-json\/wp\/v2\/tags?post=1148"}],"curies":[{"name":"wp","href":"https:\/\/api.w.org\/{rel}","templated":true}]}}