{"id":1170,"date":"2024-12-12T14:25:00","date_gmt":"2024-12-12T14:25:00","guid":{"rendered":"https:\/\/ri.fictoralimentos.com.br\/?p=1170"},"modified":"2026-01-06T18:53:15","modified_gmt":"2026-01-06T18:53:15","slug":"fictor-alimentos-s-a-mudancas","status":"publish","type":"post","link":"https:\/\/ri.fictoralimentos.com.br\/ru\/fictor-alimentos-s-a-mudancas\/","title":{"rendered":"Fictor Alimentos S.A.: Mudan\u00e7as importantes e novas oportunidades para acionistas"},"content":{"rendered":"<p>A <a href=\"https:\/\/ri.fictoralimentos.com.br\/ru\/fictor-alimentos\/\"><strong>Fictor Alimentos S.A.<\/strong><\/a>, anteriormente conhecida como Atom Empreendimentos e Participa\u00e7\u00f5es S.A., anunciou um Fato Relevante em 11 de dezembro de 2024, que traz novidades significativas para acionistas e o mercado em geral.<\/p>\r\n<p>O destaque da not\u00edcia \u00e9 a Aliena\u00e7\u00e3o de Controle, que foi finalizada ap\u00f3s a transfer\u00eancia do controle acion\u00e1rio da Atompar para a Fictor Holding S.A. e AQWA Capital Holdings LLC. Com essa mudan\u00e7a, a companhia informa que o nome legal passa a ser oficialmente Fictor Alimentos S.A., refletindo a nova dire\u00e7\u00e3o da empresa.<\/p>\r\n<h2>Novos membros da gest\u00e3o da Fictor Alimentos S.A.<\/h2>\r\n<p>Em decorr\u00eancia desta transi\u00e7\u00e3o, os acionistas tamb\u00e9m devem estar atentos \u00e0s mudan\u00e7as na gest\u00e3o da Fictor Alimentos S.A. Na Assembleia Geral Extraordin\u00e1ria de 17 de outubro de 2024, foram aprovadas altera\u00e7\u00f5es no Conselho de Administra\u00e7\u00e3o e na Diretoria Estatut\u00e1ria, que agora contam com novas lideran\u00e7as:<\/p>\r\n<ul>\r\n<li class=\"\"><strong>\u0420\u0430\u0444\u0430\u044d\u043b\u044c \u0420\u0438\u0431\u0435\u0439\u0440\u043e \u041b\u0435\u0439\u0442\u0435 \u0434\u0435 \u0413\u043e\u0438\u0441<\/strong>\u00a0- \u041f\u0440\u0435\u0434\u0441\u0435\u0434\u0430\u0442\u0435\u043b\u044c \u0441\u043e\u0432\u0435\u0442\u0430 \u0434\u0438\u0440\u0435\u043a\u0442\u043e\u0440\u043e\u0432 \u0438 \u0432\u0440\u0435\u043c\u0435\u043d\u043d\u044b\u0439 \u0433\u0435\u043d\u0435\u0440\u0430\u043b\u044c\u043d\u044b\u0439 \u0434\u0438\u0440\u0435\u043a\u0442\u043e\u0440<br \/>\u00a0Linkedin: <strong><a href=\"https:\/\/www.linkedin.com\/in\/rafaelgois\/\" target=\"_blank\" rel=\"noopener\">\u0420\u0430\u0444\u0430\u044d\u043b\u044c \u0413\u043e\u0438\u0441<\/a><\/strong><\/li>\r\n<li class=\"\"><strong>\u041b\u0443\u0438\u0441 \u0424\u0438\u043b\u043b\u0438\u043f\u0435 \u0413\u043e\u043c\u0435\u0448 \u0420\u0443\u0431\u0438\u043d\u0438<\/strong>\u00a0- \u0427\u043b\u0435\u043d \u0421\u043e\u0432\u0435\u0442\u0430 \u0434\u0438\u0440\u0435\u043a\u0442\u043e\u0440\u043e\u0432<br \/>\u00a0Linkedin: <strong><a href=\"https:\/\/www.linkedin.com\/in\/phillipperubini\/\" target=\"_blank\" rel=\"noopener\">\u0424\u0438\u043b\u0438\u043f\u043f \u0420\u0443\u0431\u0438\u043d\u0438<\/a><\/strong><\/li>\r\n<li class=\"\"><strong>\u0420\u0430\u0443\u043b\u044c \u0410\u043b\u0432\u0435\u0441 \u0410\u0440\u0430\u0443\u0436\u0443 \u0434\u0443 \u041d\u0430\u0441\u0438\u043c\u0435\u043d\u0442\u0443<\/strong>\u00a0- \u0424\u0438\u043d\u0430\u043d\u0441\u043e\u0432\u044b\u0439 \u0434\u0438\u0440\u0435\u043a\u0442\u043e\u0440<\/li>\r\n<li class=\"\"><strong>\u0410\u043d\u0434\u0440\u0435 \u041b\u0443\u0438\u0441 \u041a\u0430\u0440\u043d\u0435\u0439\u0440\u043e \u0434\u0435 \u0412\u0430\u0441\u043a\u043e\u043d\u0441\u0435\u043b\u043e\u0441<\/strong> \u2013 Diretor de Estrat\u00e9gia, Planejamento e Rela\u00e7\u00f5es com Investidores\u00a0 \u00a0 \u00a0 \u00a0 \u00a0 \u00a0 \u00a0 \u00a0 \u00a0 \u00a0 \u00a0 \u00a0 \u00a0 \u00a0 \u00a0 \u00a0 \u00a0 \u00a0 \u00a0 \u00a0 \u00a0 \u00a0 \u00a0 \u00a0 \u00a0 \u00a0 \u00a0 \u00a0 \u00a0 \u00a0 \u00a0 \u00a0 \u00a0 \u00a0 \u00a0 \u00a0 \u00a0 \u00a0 \u00a0 \u00a0 \u00a0 \u00a0 \u00a0 \u00a0 \u00a0 \u00a0 \u00a0 \u00a0 \u00a0 \u00a0 \u00a0 \u00a0 \u00a0 \u00a0 \u00a0 \u00a0 \u00a0 \u00a0 \u00a0 \u00a0 \u00a0 \u00a0 \u00a0 \u00a0 \u00a0 \u00a0 \u00a0 \u00a0 \u00a0 \u00a0 \u00a0 \u00a0 \u00a0Linkedin: <a href=\"https:\/\/www.linkedin.com\/in\/andrelcvasconcellos\/?originalSubdomain=br\" target=\"_blank\" rel=\"noopener\"><strong>\u0410\u043d\u0434\u0440\u0435 \u0412\u0430\u0441\u043a\u043e\u043d\u0441\u0435\u043b\u043b\u043e\u0441<\/strong><\/a><\/li>\r\n<li class=\"\"><strong>\u0420\u0430\u0444\u0430\u044d\u043b\u044c \u0411\u0430\u0441\u0442\u043e\u0441 \u041f\u0435\u0440\u0435\u0439\u0440\u0430<\/strong>\u00a0- \u041e\u043f\u0435\u0440\u0430\u0446\u0438\u043e\u043d\u043d\u044b\u0439 \u0434\u0438\u0440\u0435\u043a\u0442\u043e\u0440<\/li>\r\n<li class=\"\"><strong>\u041c\u0430\u0443\u0440\u0438\u0441\u0438\u043e \u041c\u0435\u043d\u0434\u0435\u0441 \u0414\u0443\u0442\u0440\u0430<\/strong>\u00a0- \u0427\u043b\u0435\u043d \u0421\u043e\u0432\u0435\u0442\u0430 \u0434\u0438\u0440\u0435\u043a\u0442\u043e\u0440\u043e\u0432<\/li>\r\n<li class=\"\"><strong>\u041c\u0430\u0440\u0441\u0438\u044f \u041a\u0430\u043c\u043f\u043e\u0441<\/strong>\u00a0- \u041d\u0435\u0437\u0430\u0432\u0438\u0441\u0438\u043c\u044b\u0439 \u0447\u043b\u0435\u043d \u0421\u043e\u0432\u0435\u0442\u0430 \u0434\u0438\u0440\u0435\u043a\u0442\u043e\u0440\u043e\u0432<\/li>\r\n<\/ul>\r\n<h2>Altera\u00e7\u00f5es na natureza e negocia\u00e7\u00e3o das a\u00e7\u00f5es<\/h2>\r\n<p>A partir de agora, a Fictor Alimentos S.A. atuar\u00e1 no setor de prote\u00edna animal, o que pode abrir novas oportunidades para a companhia. As a\u00e7\u00f5es continuar\u00e3o na B3 sob o ticker atual ATOM3 at\u00e9 18 de dezembro de 2024, e a partir do dia 19 de dezembro, o novo ticker ser\u00e1 FICT3.<\/p>\r\n<p>Al\u00e9m disso, as novas controladoras est\u00e3o conduzindo uma Oferta P\u00fablica de Aquisi\u00e7\u00e3o (OPA) visando adquirir a\u00e7\u00f5es da Fictor Alimentos S.A. O pre\u00e7o m\u00ednimo por a\u00e7\u00e3o na OPA ser\u00e1 de R$ 1,0982, assegurando prote\u00e7\u00e3o e retorno aos acionistas. Essa a\u00e7\u00e3o \u00e9 uma importante medida de consolida\u00e7\u00e3o de controle e pode impactar significativamente o valor dos ativos.<\/p>\r\n<h2>\u0417\u0430\u043a\u043b\u044e\u0447\u0435\u043d\u0438\u0435<\/h2>\r\n<p>O Fato Relevante destaca um novo cap\u00edtulo para a Fictor Alimentos S.A., prometendo um rebranding e uma nova estrat\u00e9gia no mercado de prote\u00edna animal. Este movimento pode resultar em um quadro promissor para investidores que buscam crescimento e inova\u00e7\u00e3o.<\/p>\r\n<p>Os Departamentos de Rela\u00e7\u00f5es com Investidores permanecem dispon\u00edveis para esclarecer quaisquer d\u00favidas sobre estas mudan\u00e7as. Acompanhe as tend\u00eancias e movimenta\u00e7\u00f5es da empresa e prepare-se para um futuro excitante no setor!<\/p>\r\n\r\n\r\n\r\n<p class=\"\"><a href=\"https:\/\/acionista.com.br\/fictor-alimentos-mudancas-importantes-e-novas-oportunidades-para-acionistas\/\" target=\"_blank\" rel=\"noopener\">\u0418\u0441\u0442\u043e\u0447\u043d\u0438\u043a: \u0421\u0442\u0430\u0442\u044c\u044f \u043e\u043f\u0443\u0431\u043b\u0438\u043a\u043e\u0432\u0430\u043d\u0430 \u043d\u0430 \u0441\u0430\u0439\u0442\u0435 Acionista<\/a><\/p>","protected":false},"excerpt":{"rendered":"<p>A Fictor Alimentos S.A., anteriormente conhecida como Atom Empreendimentos e Participa\u00e7\u00f5es S.A., anunciou um Fato Relevante em 11 de dezembro de 2024, que traz novidades significativas para acionistas e o mercado em geral. O destaque da not\u00edcia \u00e9 a Aliena\u00e7\u00e3o de Controle, que foi finalizada ap\u00f3s a transfer\u00eancia do controle acion\u00e1rio da Atompar para a [&hellip;]<\/p>\n","protected":false},"author":4,"featured_media":2981,"comment_status":"open","ping_status":"open","sticky":false,"template":"","format":"standard","meta":{"_acf_changed":false,"inline_featured_image":false,"footnotes":""},"categories":[23],"tags":[],"class_list":["post-1170","post","type-post","status-publish","format-standard","has-post-thumbnail","hentry","category-noticias"],"acf":[],"_links":{"self":[{"href":"https:\/\/ri.fictoralimentos.com.br\/ru\/wp-json\/wp\/v2\/posts\/1170","targetHints":{"allow":["GET"]}}],"collection":[{"href":"https:\/\/ri.fictoralimentos.com.br\/ru\/wp-json\/wp\/v2\/posts"}],"about":[{"href":"https:\/\/ri.fictoralimentos.com.br\/ru\/wp-json\/wp\/v2\/types\/post"}],"author":[{"embeddable":true,"href":"https:\/\/ri.fictoralimentos.com.br\/ru\/wp-json\/wp\/v2\/users\/4"}],"replies":[{"embeddable":true,"href":"https:\/\/ri.fictoralimentos.com.br\/ru\/wp-json\/wp\/v2\/comments?post=1170"}],"version-history":[{"count":4,"href":"https:\/\/ri.fictoralimentos.com.br\/ru\/wp-json\/wp\/v2\/posts\/1170\/revisions"}],"predecessor-version":[{"id":2982,"href":"https:\/\/ri.fictoralimentos.com.br\/ru\/wp-json\/wp\/v2\/posts\/1170\/revisions\/2982"}],"wp:featuredmedia":[{"embeddable":true,"href":"https:\/\/ri.fictoralimentos.com.br\/ru\/wp-json\/wp\/v2\/media\/2981"}],"wp:attachment":[{"href":"https:\/\/ri.fictoralimentos.com.br\/ru\/wp-json\/wp\/v2\/media?parent=1170"}],"wp:term":[{"taxonomy":"category","embeddable":true,"href":"https:\/\/ri.fictoralimentos.com.br\/ru\/wp-json\/wp\/v2\/categories?post=1170"},{"taxonomy":"post_tag","embeddable":true,"href":"https:\/\/ri.fictoralimentos.com.br\/ru\/wp-json\/wp\/v2\/tags?post=1170"}],"curies":[{"name":"wp","href":"https:\/\/api.w.org\/{rel}","templated":true}]}}