{"id":1802,"date":"2025-01-21T19:03:42","date_gmt":"2025-01-21T19:03:42","guid":{"rendered":"https:\/\/ri.fictoralimentos.com.br\/?p=1802"},"modified":"2026-01-06T14:57:57","modified_gmt":"2026-01-06T14:57:57","slug":"bmc-business-ipo-reverso-da-fictor","status":"publish","type":"post","link":"https:\/\/ri.fictoralimentos.com.br\/ru\/bmc-business-ipo-reverso-da-fictor\/","title":{"rendered":"BM&#038;C Business: IPO Reverso da Fictor abre novo caminho para a empresa"},"content":{"rendered":"<p class=\"\">\u041f\u043e \u0441\u0441\u044b\u043b\u043a\u0435\u00a0<a href=\"https:\/\/bmcnews.com.br\/author\/redacao\/\" target=\"_blank\" rel=\"noopener\">\u041e\u0442\u0434\u0435\u043b \u043d\u043e\u0432\u043e\u0441\u0442\u0435\u0439 \u041d\u043e\u0432\u043e\u0441\u0442\u043d\u043e\u0439 \u043f\u043e\u0440\u0442\u0430\u043b BM&amp;C<\/a><\/p>\r\n\r\n\r\n\r\n<p>A <a href=\"https:\/\/ri.fictoralimentos.com.br\/ru\/fictor-alimentos\/\">FICT3<\/a> deu um passo estrat\u00e9gico ao realizar sua entrada na Bolsa de Valores Brasileira, consolidando o IPO reverso da Fictor. A companhia, que opera como uma holding pura focada em prote\u00ednas de origem animal, aproveitou uma oportunidade no mercado de capitais para estruturar sua presen\u00e7a de forma \u00e1gil e estrat\u00e9gica.<\/p>\r\n<p>\u201cO IPO reverso \u00e9 uma forma eficiente de mitigar custos e acelerar o acesso ao mercado de capitais, especialmente em um cen\u00e1rio complexo para ofertas p\u00fablicas prim\u00e1rias\u201d, explicou Andr\u00e9 Vasconcellos, diretor de Estrat\u00e9gia e Rela\u00e7\u00f5es com Investidores da companhia em entrevista ao Business, da BM&amp;C News.<\/p>\r\n<h2>Efici\u00eancia e governan\u00e7a no IPO Reverso da Fictor<\/h2>\r\n<p>De acordo com Vasconcellos, o IPO reverso da Fictor permitiu \u00e0 empresa iniciar suas opera\u00e7\u00f5es como uma empresa de capital aberto sem interrup\u00e7\u00f5es de negocia\u00e7\u00f5es. Ele destacou que a opera\u00e7\u00e3o tamb\u00e9m refor\u00e7a os compromissos com governan\u00e7a, incluindo a prote\u00e7\u00e3o de direitos dos acionistas minorit\u00e1rios. \u201cNosso objetivo \u00e9 garantir um alto n\u00edvel de transpar\u00eancia e responsabilidade em rela\u00e7\u00e3o ao mercado\u201d, afirmou o executivo.<\/p>\r\n<p>\u041e\u0440\u0438\u0435\u043d\u0442\u0438\u0440\u0443\u044f\u0441\u044c \u043d\u0430 \u043f\u0440\u0438\u043e\u0431\u0440\u0435\u0442\u0435\u043d\u0438\u0435 \u043a\u043e\u043c\u043f\u0430\u043d\u0438\u0439, \u0438\u0441\u043f\u044b\u0442\u044b\u0432\u0430\u044e\u0449\u0438\u0445 \u0444\u0438\u043d\u0430\u043d\u0441\u043e\u0432\u044b\u0435 \u0442\u0440\u0443\u0434\u043d\u043e\u0441\u0442\u0438, Fictor Alimentos \u0441\u0442\u0440\u0435\u043c\u0438\u0442\u0441\u044f \u0443\u043a\u0440\u0435\u043f\u0438\u0442\u044c \u0441\u0432\u043e\u0438 \u043f\u043e\u0437\u0438\u0446\u0438\u0438 \u0432 \u0431\u0435\u043b\u043a\u043e\u0432\u043e\u043c \u0441\u0435\u043a\u0442\u043e\u0440\u0435. \u041f\u043e \u0441\u043b\u043e\u0432\u0430\u043c \u0412\u0430\u0441\u043a\u043e\u043d\u0441\u0435\u043b\u043b\u043e\u0441\u0430, \"\u0441\u0435\u043c\u0435\u0439\u043d\u044b\u0435 \u0441\u0442\u0440\u0443\u043a\u0442\u0443\u0440\u044b \u0438 \u0442\u0440\u0443\u0434\u043d\u043e\u0441\u0442\u0438 \u0443\u043f\u0440\u0430\u0432\u043b\u0435\u043d\u0438\u044f \u0432 \u043d\u0435\u0431\u043e\u043b\u044c\u0448\u0438\u0445 \u043a\u043e\u043c\u043f\u0430\u043d\u0438\u044f\u0445 \u043e\u0442\u043a\u0440\u044b\u0432\u0430\u044e\u0442 \u0432\u043e\u0437\u043c\u043e\u0436\u043d\u043e\u0441\u0442\u0438 \u0434\u043b\u044f \u0441\u0438\u043d\u0435\u0440\u0433\u0438\u0438 \u0438 \u0440\u043e\u0441\u0442\u0430\". \u041a\u043e\u043c\u043f\u0430\u043d\u0438\u044f \u0442\u0430\u043a\u0436\u0435 \u043f\u043b\u0430\u043d\u0438\u0440\u0443\u0435\u0442 \u0438\u0441\u043f\u043e\u043b\u044c\u0437\u043e\u0432\u0430\u0442\u044c \u0441\u0432\u043e\u0439 \u043e\u043f\u044b\u0442 \u0432 \u043e\u0431\u043b\u0430\u0441\u0442\u0438 \u043f\u0440\u043e\u0446\u0435\u0441\u0441\u043e\u0432 \u0438 \u0440\u0443\u0442\u0438\u043d \u0434\u043b\u044f \u043f\u0440\u0435\u043e\u0431\u0440\u0430\u0437\u043e\u0432\u0430\u043d\u0438\u044f \u044d\u0442\u0438\u0445 \u043e\u0440\u0433\u0430\u043d\u0438\u0437\u0430\u0446\u0438\u0439 \u0438 \u0438\u0445 \u0438\u043d\u0442\u0435\u0433\u0440\u0430\u0446\u0438\u0438 \u0432 \u0441\u0432\u043e\u044e \u0431\u0438\u0437\u043d\u0435\u0441-\u043c\u043e\u0434\u0435\u043b\u044c.<\/p>\r\n<h2>\u041f\u043b\u0430\u043d \u0440\u0430\u0441\u0448\u0438\u0440\u0435\u043d\u0438\u044f \u0438 \u0434\u0438\u0432\u0435\u0440\u0441\u0438\u0444\u0438\u043a\u0430\u0446\u0438\u0438 \u043f\u043e\u0440\u0442\u0444\u0435\u043b\u044f<\/h2>\r\n<p>Com uma estrutura inicial enxuta, a empresa prev\u00ea avan\u00e7ar em aquisi\u00e7\u00f5es alinhadas ao seu plano de crescimento, fortalecendo a tese do IPO reverso da Fictor. \u201cAs aquisi\u00e7\u00f5es devem considerar tanto o potencial financeiro quanto a localiza\u00e7\u00e3o geogr\u00e1fica, sempre visando sinergias com nossa cadeia de suprimentos\u201d, detalhou Vasconcellos. Ele tamb\u00e9m destacou que o foco inicial ser\u00e1 em aves, pescados e frutos do mar, com uma poss\u00edvel expans\u00e3o para outros tipos de prote\u00ednas em um futuro pr\u00f3ximo.<\/p>\r\n<p>\u0411\u044b\u043b\u0430 \u0442\u0430\u043a\u0436\u0435 \u043f\u043e\u0434\u0447\u0435\u0440\u043a\u043d\u0443\u0442\u0430 \u043f\u0440\u0438\u0432\u0435\u0440\u0436\u0435\u043d\u043d\u043e\u0441\u0442\u044c Fictor Alimentos \u043f\u0440\u0438\u043d\u0446\u0438\u043f\u0430\u043c \u0443\u0441\u0442\u043e\u0439\u0447\u0438\u0432\u043e\u0433\u043e \u0440\u0430\u0437\u0432\u0438\u0442\u0438\u044f. \"\u0418\u043d\u0432\u0435\u0441\u0442\u0438\u0446\u0438\u0438 \u0432 \u0443\u043f\u0440\u0430\u0432\u043b\u0435\u043d\u0438\u0435 \u0438 \u0443\u0441\u0442\u043e\u0439\u0447\u0438\u0432\u043e\u0435 \u0440\u0430\u0437\u0432\u0438\u0442\u0438\u0435 \u044f\u0432\u043b\u044f\u044e\u0442\u0441\u044f \u0441\u0442\u0440\u0430\u0442\u0435\u0433\u0438\u0447\u0435\u0441\u043a\u0438\u043c\u0438, \u043f\u043e\u0441\u043a\u043e\u043b\u044c\u043a\u0443 \u043e\u043d\u0438 \u0441\u043d\u0438\u0436\u0430\u044e\u0442 \u0431\u0443\u0434\u0443\u0449\u0438\u0435 \u0440\u0438\u0441\u043a\u0438 \u0438 \u0437\u0430\u0442\u0440\u0430\u0442\u044b\", - \u0441\u043a\u0430\u0437\u0430\u043b \u0440\u0443\u043a\u043e\u0432\u043e\u0434\u0438\u0442\u0435\u043b\u044c. \u041a\u043e\u043c\u043f\u0430\u043d\u0438\u044f \u0441\u0442\u0440\u0435\u043c\u0438\u0442\u0441\u044f \u043a \u0441\u0435\u0440\u0442\u0438\u0444\u0438\u043a\u0430\u0446\u0438\u0438 \u0438 \u0441\u043e\u0431\u043b\u044e\u0434\u0435\u043d\u0438\u044e \u043d\u043e\u0440\u043c\u0430\u0442\u0438\u0432\u043d\u044b\u0445 \u0442\u0440\u0435\u0431\u043e\u0432\u0430\u043d\u0438\u0439, \u0447\u0442\u043e\u0431\u044b \u0443\u043a\u0440\u0435\u043f\u0438\u0442\u044c \u0441\u0432\u043e\u0438 \u043f\u043e\u0437\u0438\u0446\u0438\u0438 \u043d\u0430 \u0440\u044b\u043d\u043a\u0435.<\/p>\r\n<p>Desde sua estreia, as a\u00e7\u00f5es da Fictor Alimentos mostraram forte rentabilidade. Segundo Vasconcellos, \u201ca transpar\u00eancia e a comunica\u00e7\u00e3o constante com o mercado s\u00e3o fundamentais para consolidar a confian\u00e7a dos investidores no IPO reverso da Fictor\u201d. Ele tamb\u00e9m afirmou que a companhia continuar\u00e1 a priorizar o di\u00e1logo aberto e a divulga\u00e7\u00e3o de informa\u00e7\u00f5es relevantes para seus acionistas.<\/p>\r\n\r\n\r\n\r\n<p class=\"\">\u0418\u0441\u0442\u043e\u0447\u043d\u0438\u043a: <a href=\"https:\/\/bmcnews.com.br\/2025\/01\/21\/bmc-business-fictor-alimentos-explora-novo-caminho-com-ipo-reverso\/\" data-type=\"link\" data-id=\"https:\/\/bmcnews.com.br\/2025\/01\/21\/bmc-business-fictor-alimentos-explora-novo-caminho-com-ipo-reverso\/\" target=\"_blank\" rel=\"noopener\">\u0421\u0442\u0430\u0442\u044c\u044f \u043e\u043f\u0443\u0431\u043b\u0438\u043a\u043e\u0432\u0430\u043d\u0430 BM&amp;C News<\/a><\/p>","protected":false},"excerpt":{"rendered":"<p>Por\u00a0Reda\u00e7\u00e3o Portal BM&amp;C News A FICT3 deu um passo estrat\u00e9gico ao realizar sua entrada na Bolsa de Valores Brasileira, consolidando o IPO reverso da Fictor. A companhia, que opera como uma holding pura focada em prote\u00ednas de origem animal, aproveitou uma oportunidade no mercado de capitais para estruturar sua presen\u00e7a de forma \u00e1gil e estrat\u00e9gica. [&hellip;]<\/p>\n","protected":false},"author":4,"featured_media":2958,"comment_status":"closed","ping_status":"closed","sticky":false,"template":"","format":"standard","meta":{"_acf_changed":false,"inline_featured_image":false,"footnotes":""},"categories":[29,23],"tags":[],"class_list":["post-1802","post","type-post","status-publish","format-standard","has-post-thumbnail","hentry","category-bmc-news","category-noticias"],"acf":[],"_links":{"self":[{"href":"https:\/\/ri.fictoralimentos.com.br\/ru\/wp-json\/wp\/v2\/posts\/1802","targetHints":{"allow":["GET"]}}],"collection":[{"href":"https:\/\/ri.fictoralimentos.com.br\/ru\/wp-json\/wp\/v2\/posts"}],"about":[{"href":"https:\/\/ri.fictoralimentos.com.br\/ru\/wp-json\/wp\/v2\/types\/post"}],"author":[{"embeddable":true,"href":"https:\/\/ri.fictoralimentos.com.br\/ru\/wp-json\/wp\/v2\/users\/4"}],"replies":[{"embeddable":true,"href":"https:\/\/ri.fictoralimentos.com.br\/ru\/wp-json\/wp\/v2\/comments?post=1802"}],"version-history":[{"count":5,"href":"https:\/\/ri.fictoralimentos.com.br\/ru\/wp-json\/wp\/v2\/posts\/1802\/revisions"}],"predecessor-version":[{"id":2959,"href":"https:\/\/ri.fictoralimentos.com.br\/ru\/wp-json\/wp\/v2\/posts\/1802\/revisions\/2959"}],"wp:featuredmedia":[{"embeddable":true,"href":"https:\/\/ri.fictoralimentos.com.br\/ru\/wp-json\/wp\/v2\/media\/2958"}],"wp:attachment":[{"href":"https:\/\/ri.fictoralimentos.com.br\/ru\/wp-json\/wp\/v2\/media?parent=1802"}],"wp:term":[{"taxonomy":"category","embeddable":true,"href":"https:\/\/ri.fictoralimentos.com.br\/ru\/wp-json\/wp\/v2\/categories?post=1802"},{"taxonomy":"post_tag","embeddable":true,"href":"https:\/\/ri.fictoralimentos.com.br\/ru\/wp-json\/wp\/v2\/tags?post=1802"}],"curies":[{"name":"wp","href":"https:\/\/api.w.org\/{rel}","templated":true}]}}