{"id":2234,"date":"2025-04-30T13:15:00","date_gmt":"2025-04-30T13:15:00","guid":{"rendered":"https:\/\/ri.fictoralimentos.com.br\/?p=2234"},"modified":"2026-01-05T20:09:36","modified_gmt":"2026-01-05T20:09:36","slug":"fictor-alimentos-ma-exportacao-de-suinos","status":"publish","type":"post","link":"https:\/\/ri.fictoralimentos.com.br\/ru\/fictor-alimentos-ma-exportacao-de-suinos\/","title":{"rendered":"Fictor Alimentos \u0441\u043e\u0432\u0435\u0440\u0448\u0430\u0435\u0442 \u043f\u0435\u0440\u0432\u043e\u0435 \u0441\u043b\u0438\u044f\u043d\u0438\u0435 \u0438 \u043d\u0430\u0446\u0435\u043b\u0435\u043d\u0430 \u043d\u0430 \u044d\u043a\u0441\u043f\u043e\u0440\u0442 \u0441\u0432\u0438\u043d\u0435\u0439 \u043d\u0430 \u0411\u043b\u0438\u0436\u043d\u0438\u0439 \u0412\u043e\u0441\u0442\u043e\u043a \u0438 \u0432 \u0410\u0444\u0440\u0438\u043a\u0443"},"content":{"rendered":"<p data-path-to-node=\"7\"><em>Proposta para aquisi\u00e7\u00e3o da Mellore, em recupera\u00e7\u00e3o judicial desde 2017, foi aprovada pelo administrador judicial e viabiliza a exporta\u00e7\u00e3o de su\u00ednos. Empresa planeja novas aquisi\u00e7\u00f5es de ativos estressados.<\/em><\/p>\r\n<p data-path-to-node=\"8\">A <b data-path-to-node=\"8\" data-index-in-node=\"2\">Fictor Foods<\/b> entrou no radar dos investidores no fim do ano passado ao fazer um <a href=\"https:\/\/ri.fictoralimentos.com.br\/ru\/o-que-e-o-ipo-reverso-e-por-que-ele-pode-ser-tendencia-para-a-bolsa-em-2025\/\"><b data-path-to-node=\"8\" data-index-in-node=\"86\">\u041e\u0431\u0440\u0430\u0442\u043d\u043e\u0435 IPO<\/b><\/a>. Quatro meses ap\u00f3s esse movimento, a empresa, cujos donos t\u00eam neg\u00f3cios que v\u00e3o do setor financeiro ao agroneg\u00f3cio, concretizou o seu primeiro <b data-path-to-node=\"8\" data-index-in-node=\"240\">M&amp;A<\/b>. Na quarta-feira, 30 de abril, a companhia obteve a aprova\u00e7\u00e3o do administrador judicial para a compra da <a href=\"https:\/\/ri.fictoralimentos.com.br\/ru\/aquisicao-mellore-alimentos-betim\/\"><b data-path-to-node=\"8\" data-index-in-node=\"349\">Mellore Alimentos<\/b><\/a>, por R$ 30,4 milh\u00f5es, empresa em processo de recupera\u00e7\u00e3o judicial (RJ) desde 2017.<\/p>\r\n<p data-path-to-node=\"9\">O valor representa um des\u00e1gio de 67,45% do valor da causa da RJ da Mellore, fixado em R$ 93,4 milh\u00f5es. \u201cCom a homologa\u00e7\u00e3o, n\u00e3o h\u00e1 risco de a Fictor Alimentos sofrer qualquer san\u00e7\u00e3o ou bloqueio por causa de d\u00edvidas da Mellore\u201d, diz Andr\u00e9 Vasconcellos, diretor de Estrat\u00e9gia, Planejamento e Rela\u00e7\u00f5es com Investidores da Fictor Alimentos, ao <i data-path-to-node=\"9\" data-index-in-node=\"339\">Neofeed<\/i>.<\/p>\r\n<h2 data-path-to-node=\"10\"><b data-path-to-node=\"10\" data-index-in-node=\"0\">Estrutura do pagamento e ativos estressados<\/b><\/h2>\r\n<p data-path-to-node=\"11\">\u041f\u043e \u0441\u043b\u043e\u0432\u0430\u043c \u0438\u0441\u043f\u043e\u043b\u043d\u0438\u0442\u0435\u043b\u044c\u043d\u043e\u0433\u043e \u0434\u0438\u0440\u0435\u043a\u0442\u043e\u0440\u0430, \u0433\u0440\u0430\u0444\u0438\u043a \u043f\u0435\u0440\u0432\u043e\u043d\u0430\u0447\u0430\u043b\u044c\u043d\u044b\u0445 \u043f\u043b\u0430\u0442\u0435\u0436\u0435\u0439 \u0431\u0443\u0434\u0435\u0442 \u0432\u043a\u043b\u044e\u0447\u0430\u0442\u044c \u0432 \u0441\u0435\u0431\u044f \u043d\u0430\u043b\u043e\u0433\u043e\u0432\u044b\u0435 \u0438 \u0442\u0440\u0443\u0434\u043e\u0432\u044b\u0435 \u0434\u043e\u043b\u0433\u0438. \u0421\u043e\u0433\u043b\u0430\u0441\u043d\u043e \u0434\u043e\u043a\u0443\u043c\u0435\u043d\u0442\u0443, \u0443\u0442\u0432\u0435\u0440\u0436\u0434\u0435\u043d\u043d\u043e\u043c\u0443 \u0434\u043e\u0432\u0435\u0440\u0438\u0442\u0435\u043b\u044c\u043d\u044b\u043c \u0443\u043f\u0440\u0430\u0432\u043b\u044f\u044e\u0449\u0438\u043c, Fictor Alimentos \u043f\u0435\u0440\u0432\u043e\u043d\u0430\u0447\u0430\u043b\u044c\u043d\u043e \u0432\u044b\u043f\u043b\u0430\u0442\u0438\u0442 7,8 \u043c\u043b\u043d. \u0440\u0430\u043d\u0434\u043e\u0432, \u0438\u0437 \u043a\u043e\u0442\u043e\u0440\u044b\u0445 3,9 \u043c\u043b\u043d. \u0440\u0430\u043d\u0434\u043e\u0432 \u0431\u0443\u0434\u0443\u0442 \u0432\u044b\u043f\u043b\u0430\u0447\u0435\u043d\u044b \u0432 \u0442\u0435\u0447\u0435\u043d\u0438\u0435 30 \u0434\u043d\u0435\u0439 \u043f\u043e\u0441\u043b\u0435 \u0440\u0430\u0442\u0438\u0444\u0438\u043a\u0430\u0446\u0438\u0438 \u0434\u043e\u0433\u043e\u0432\u043e\u0440\u0430 \u043a\u0443\u043f\u043b\u0438-\u043f\u0440\u043e\u0434\u0430\u0436\u0438, \u0430 \u043e\u0441\u0442\u0430\u043b\u044c\u043d\u0430\u044f \u0441\u0443\u043c\u043c\u0430 - 24 \u043f\u043b\u0430\u0442\u0435\u0436\u0430\u043c\u0438. \u042d\u0442\u0438 \u0441\u0440\u0435\u0434\u0441\u0442\u0432\u0430 \u0431\u0443\u0434\u0443\u0442 \u0438\u0441\u043f\u043e\u043b\u044c\u0437\u043e\u0432\u0430\u043d\u044b \u0434\u043b\u044f \u043e\u043f\u043b\u0430\u0442\u044b \u0442\u0435\u043d\u0434\u0435\u0440\u043d\u044b\u0445 \u0442\u0440\u0435\u0431\u043e\u0432\u0430\u043d\u0438\u0439, \u0434\u043e\u043b\u0433\u043e\u0432, \u0441\u0443\u0449\u0435\u0441\u0442\u0432\u043e\u0432\u0430\u0432\u0448\u0438\u0445 \u0434\u043e \u0440\u0430\u0442\u0438\u0444\u0438\u043a\u0430\u0446\u0438\u0438 RJ.<\/p>\r\n<p data-path-to-node=\"12\">No plano, a empresa detalha as demais ordens de pagamentos. O foco da empresa \u00e9 justamente a compra de empresas em situa\u00e7\u00f5es de RJ ou em processo falimentar. \u201cO core da empresa \u00e9 buscar <b data-path-to-node=\"12\" data-index-in-node=\"186\">ativos estressados<\/b>. Com isso, a gente consegue assegurar valores bem vantajosos e leva em considera\u00e7\u00e3o tamb\u00e9m o potencial dessas companhias\u201d, afirma Vasconcellos.<\/p>\r\n<p data-path-to-node=\"13\">\u041f\u0440\u043e\u0438\u0437\u0432\u043e\u0434\u0441\u0442\u0432\u0435\u043d\u043d\u043e\u0435 \u043f\u043e\u0434\u0440\u0430\u0437\u0434\u0435\u043b\u0435\u043d\u0438\u0435 \u043a\u043e\u043c\u043f\u0430\u043d\u0438\u0438 Mellore, \u0440\u0430\u0441\u043f\u043e\u043b\u043e\u0436\u0435\u043d\u043d\u043e\u0435 \u0432 \u0411\u0435\u0442\u0438\u043c\u0435, \u0448\u0442\u0430\u0442 \u041c\u0438\u043d\u0430\u0441-\u0416\u0435\u0440\u0430\u0439\u0441, \u0437\u0430\u043d\u0438\u043c\u0430\u0435\u0442 \u043f\u043b\u043e\u0449\u0430\u0434\u044c 9 000 \u043c\u00b2 \u0438 \u0438\u043c\u0435\u0435\u0442 \u043f\u0440\u043e\u0438\u0437\u0432\u043e\u0434\u0441\u0442\u0432\u0435\u043d\u043d\u0443\u044e \u043c\u043e\u0449\u043d\u043e\u0441\u0442\u044c 1700 \u0442\u043e\u043d\u043d \u0433\u043e\u0442\u043e\u0432\u043e\u0439 \u043f\u0440\u043e\u0434\u0443\u043a\u0446\u0438\u0438 \u0436\u0438\u0432\u043e\u0442\u043d\u043e\u0433\u043e \u043f\u0440\u043e\u0438\u0441\u0445\u043e\u0436\u0434\u0435\u043d\u0438\u044f \u0432 \u043c\u0435\u0441\u044f\u0446. \u0425\u043e\u0442\u044f \u043a\u043e\u043c\u043f\u0430\u043d\u0438\u044f \u0438\u043c\u0435\u0435\u0442 \u043f\u0440\u0430\u0432\u043e \u0440\u0430\u0431\u043e\u0442\u0430\u0442\u044c \u0432 \u0441\u0435\u043a\u0442\u043e\u0440\u0435 \u0433\u043e\u0432\u044f\u0434\u0438\u043d\u044b \u0438 \u0441\u0432\u0438\u043d\u0438\u043d\u044b, \u0441\u0435\u0433\u043e\u0434\u043d\u044f 100% \u043f\u0440\u043e\u0434\u0443\u043a\u0446\u0438\u0438 Mellore \u043f\u0440\u0438\u0445\u043e\u0434\u0438\u0442\u0441\u044f \u043d\u0430 \u0441\u0432\u0438\u043d\u0438\u043d\u0443.<\/p>\r\n<h2 data-path-to-node=\"14\"><b data-path-to-node=\"14\" data-index-in-node=\"0\">Foco na exporta\u00e7\u00e3o de su\u00ednos<\/b><\/h2>\r\n<p data-path-to-node=\"15\">Al\u00e9m de aprimorar os processos produtivos, a Fictor Alimentos pretende adotar uma pol\u00edtica de exporta\u00e7\u00e3o de su\u00ednos, aproveitando a habilita\u00e7\u00e3o da Mellore concedida em 2015 pelo Minist\u00e9rio da Agricultura, Pecu\u00e1ria e Abastecimento, mas que n\u00e3o era explorada de forma representativa pelos atuais donos.<\/p>\r\n<p data-path-to-node=\"16\">A lista contempla 100 pa\u00edses em que a empresa pode atuar na exporta\u00e7\u00e3o de su\u00ednos, como Hong Kong, Catar e Emirados \u00c1rabes e mercados na Am\u00e9rica do Sul. O foco, segundo Vasconcellos, ser\u00e1 inicialmente Oriente M\u00e9dio e continente africano.<\/p>\r\n<p data-path-to-node=\"17\">Hoje o mercado de prote\u00edna animal no Brasil \u00e9 dominado por quatro grandes companhias: JBS, BRF, Marfrig e Minerva. Mas h\u00e1 uma pulveriza\u00e7\u00e3o de empresas menores que atendem o mercado, principalmente em escala regional.E \u00e9 nesse fil\u00e3o que a Fictor Alimentos pretende atuar.<\/p>\r\n<p data-path-to-node=\"17\">Com a mudan\u00e7a, a Mellore deve adotar o nome da compradora. Ainda n\u00e3o est\u00e1 definido como ficar\u00e3o as marcas dos produtos comercializados, mas a expectativa \u00e9 que a senten\u00e7a aprovando a compra saia antes do fim do segundo trimestre. O processo tramita na Vara Empresarial, da Fazenda P\u00fablica e Autarquias, de Registros P\u00fablicos e de Acidentes do Trabalho da Comarca de Betim.<\/p>\r\n<h2 data-path-to-node=\"18\"><b data-path-to-node=\"18\" data-index-in-node=\"0\">Expans\u00e3o e novos M&amp;As<\/b><\/h2>\r\n<p data-path-to-node=\"19\">\u0412 \u043f\u043b\u0430\u043d\u0430\u0445 Fictor Alimentos - \u0441\u0434\u0435\u043b\u0430\u0442\u044c \u0435\u0449\u0435 \u043d\u0435\u0441\u043a\u043e\u043b\u044c\u043a\u043e \u043f\u0440\u0438\u043e\u0431\u0440\u0435\u0442\u0435\u043d\u0438\u0439 \u043a 2025 \u0433\u043e\u0434\u0443. \"\u041c\u044b \u0440\u0430\u0441\u0441\u043c\u0430\u0442\u0440\u0438\u0432\u0430\u0435\u043c \u043a\u043e\u043c\u043f\u0430\u043d\u0438\u0438 \u043f\u043e \u043f\u0440\u043e\u0438\u0437\u0432\u043e\u0434\u0441\u0442\u0432\u0443 \u043f\u0442\u0438\u0446\u044b, \u0440\u044b\u0431\u044b \u0438 \u043c\u043e\u0440\u0435\u043f\u0440\u043e\u0434\u0443\u043a\u0442\u043e\u0432\". \u0421 \u044d\u0442\u043e\u0439 \u0446\u0435\u043b\u044c\u044e \u043a\u043e\u043c\u043f\u0430\u043d\u0438\u044f \u0443\u0436\u0435 \u043f\u043e\u043b\u0443\u0447\u0438\u043b\u0430 \u0440\u0430\u0437\u0440\u0435\u0448\u0435\u043d\u0438\u0435 \u043d\u0430 \u0443\u0432\u0435\u043b\u0438\u0447\u0435\u043d\u0438\u0435 \u043a\u0430\u043f\u0438\u0442\u0430\u043b\u0430, \u043f\u0440\u0438\u0447\u0435\u043c \u0432\u043a\u043b\u0430\u0434 \u0430\u043a\u0446\u0438\u043e\u043d\u0435\u0440\u043e\u0432 \u0431\u0443\u0434\u0435\u0442 \u0441\u043f\u043e\u0441\u043e\u0431\u0441\u0442\u0432\u043e\u0432\u0430\u0442\u044c \u044d\u0442\u043e\u043c\u0443 \u0434\u0432\u0438\u0436\u0435\u043d\u0438\u044e. \u041e\u0434\u043d\u0430\u043a\u043e \u0441\u0443\u043c\u043c\u0430 \u0441\u043b\u0435\u0434\u0443\u044e\u0449\u0438\u0445 \u0441\u043b\u0438\u044f\u043d\u0438\u0439 \u0438 \u043f\u043e\u0433\u043b\u043e\u0449\u0435\u043d\u0438\u0439 \u043f\u043e\u043a\u0430 \u043d\u0435 \u043e\u043f\u0440\u0435\u0434\u0435\u043b\u0435\u043d\u0430.<\/p>\r\n<h2 data-path-to-node=\"20\"><b data-path-to-node=\"20\" data-index-in-node=\"0\">Entenda o IPO Reverso<\/b><\/h2>\r\n<p data-path-to-node=\"21\">\u041a\u043e\u043c\u043f\u0430\u043d\u0438\u044f Fictor Alimentos \u0431\u044b\u043b\u0430 \u0441\u043e\u0437\u0434\u0430\u043d\u0430 \u0445\u043e\u043b\u0434\u0438\u043d\u0433\u043e\u043c Fictor, \u0438\u043d\u0432\u0435\u0441\u0442\u0438\u0440\u0443\u044e\u0449\u0438\u043c \u0432 \u0444\u0438\u043d\u0430\u043d\u0441\u043e\u0432\u044b\u0439 \u0441\u0435\u043a\u0442\u043e\u0440 \u0438 \u0430\u0433\u0440\u043e\u0431\u0438\u0437\u043d\u0435\u0441, \u0432 \u0442\u043e\u043c \u0447\u0438\u0441\u043b\u0435 \u0432 \u0431\u0440\u0435\u043d\u0434\u044b Dr Food, Fredini \u0438 Vensa, \u0438 \u043a\u043e\u043c\u043f\u0430\u043d\u0438\u0435\u0439 Aqwa Capital, \u0432\u043b\u0430\u0434\u0435\u044e\u0449\u0435\u0439 \u0430\u0433\u0440\u043e\u0431\u0438\u0437\u043d\u0435\u0441-\u0430\u043a\u0442\u0438\u0432\u0430\u043c\u0438, \u0441\u0432\u044f\u0437\u0430\u043d\u043d\u044b\u043c\u0438 \u0441 \u043f\u0440\u043e\u0438\u0437\u0432\u043e\u0434\u0441\u0442\u0432\u043e\u043c \u043c\u0430\u0441\u043b\u0430 \u0438 \u0430\u0440\u0430\u0445\u0438\u0441\u0430. \u0414\u043b\u044f \u0441\u043e\u0437\u0434\u0430\u043d\u0438\u044f Fictor Alimentos \u043e\u043d\u0438 \u043f\u0440\u0438\u043e\u0431\u0440\u0435\u043b\u0438 \u043a\u043e\u043d\u0442\u0440\u043e\u043b\u044c \u043d\u0430\u0434 Atom Participa\u00e7\u00f5es, \u043a\u043e\u043c\u043f\u0430\u043d\u0438\u0435\u0439, \u0437\u0430\u0440\u0435\u0433\u0438\u0441\u0442\u0440\u0438\u0440\u043e\u0432\u0430\u043d\u043d\u043e\u0439 \u043d\u0430 \u0431\u0438\u0440\u0436\u0435 B3, \u043e\u0441\u043d\u043e\u0432\u0430\u043d\u043d\u043e\u0439 \u041a\u044d\u0440\u043e\u043b \u041f\u0430\u0439\u0444\u0444\u0435\u0440 \u0438 \u0416\u043e\u0430\u043a\u0438\u043c\u043e\u043c \u041f\u0430\u0439\u0444\u0444\u0435\u0440\u043e\u043c \u0434\u043b\u044f \u043e\u0431\u0443\u0447\u0435\u043d\u0438\u044f \u0442\u0440\u0435\u0439\u0434\u0435\u0440\u043e\u0432.<\/p>\r\n<p data-path-to-node=\"22\">\u041f\u043e\u0441\u043b\u0435 \u043f\u0440\u0438\u043e\u0431\u0440\u0435\u0442\u0435\u043d\u0438\u044f \u043e\u043d\u0438 \u0432\u043e\u0441\u043f\u043e\u043b\u044c\u0437\u043e\u0432\u0430\u043b\u0438\u0441\u044c \"\u0442\u0443\u0448\u043a\u043e\u0439\" Atom \u043d\u0430 B3 \u0438 \u043f\u0440\u043e\u0432\u0435\u043b\u0438 \u043e\u0431\u0440\u0430\u0442\u043d\u043e\u0435 IPO. \u0412\u043c\u0435\u0441\u0442\u0435 Fictor Holding \u0438 Aqwa \u0432\u043b\u0430\u0434\u0435\u044e\u0442 76,5% \u0430\u043a\u0446\u0438\u0439. \u041e\u0441\u0442\u0430\u043b\u044c\u043d\u044b\u0435 23,5% \u043d\u0430\u0445\u043e\u0434\u044f\u0442\u0441\u044f \u0432 \u043e\u0431\u0440\u0430\u0449\u0435\u043d\u0438\u0438 \u043d\u0430 \u0440\u044b\u043d\u043a\u0435. \u0410\u043a\u0446\u0438\u043e\u043d\u0435\u0440\u0430\u043c\u0438 \u044f\u0432\u043b\u044f\u044e\u0442\u0441\u044f 5 043 \u0447\u0435\u043b\u043e\u0432\u0435\u043a\u0430, \u0438\u0437 \u043a\u043e\u0442\u043e\u0440\u044b\u0445 95% - \u0444\u0438\u0437\u0438\u0447\u0435\u0441\u043a\u0438\u0435 \u043b\u0438\u0446\u0430.<\/p>\r\n<p data-path-to-node=\"23\">O valor que a Fictor Alimentos ir\u00e1 desembolsar para a compra da Mellore \u00e9 superior inclusive ao que foi pago aos antigos donos da Atom Participa\u00e7\u00f5es no ano passado, no valor de R$ 20 milh\u00f5es. \u201cIsso mostra o quanto poderemos crescer com essa aquisi\u00e7\u00e3o. A mensagem que passamos ao mercado \u00e9 que a Fictor Alimentos est\u00e1 capitalizada e preparada para crescer de forma significativa\u201d, diz Vasconcellos.<\/p>\r\n<p data-path-to-node=\"24\">\u0410\u043a\u0446\u0438\u0438 Fictor Alimentos \u043d\u0430 B3 \u043f\u043e\u0434\u043e\u0440\u043e\u0436\u0430\u043b\u0438 \u043d\u0430 28,39% \u0437\u0430 \u0433\u043e\u0434 \u0434\u043e 2025 \u0433\u043e\u0434\u0430. \u041a\u043e\u043c\u043f\u0430\u043d\u0438\u044f \u043e\u0446\u0435\u043d\u0438\u0432\u0430\u0435\u0442\u0441\u044f \u0432 R$ 96,70 \u043c\u043b\u043d.<\/p>\r\n<p class=\"\"><a href=\"http:\/\/www.neofeed.com.br\/negocios\/fictor-alimentos-faz-primeiro-ma-e-mira-exportacao-de-suinos-para-oriente-medio-e-africa\" target=\"_blank\" rel=\"noopener\">\u0418\u0441\u0442\u043e\u0447\u043d\u0438\u043a: NEOFEED<\/a><\/p>","protected":false},"excerpt":{"rendered":"<p>Proposta para aquisi\u00e7\u00e3o da Mellore, em recupera\u00e7\u00e3o judicial desde 2017, foi aprovada pelo administrador judicial e viabiliza a exporta\u00e7\u00e3o de su\u00ednos. Empresa planeja novas aquisi\u00e7\u00f5es de ativos estressados. A Fictor Alimentos entrou no radar dos investidores no fim do ano passado ao fazer um IPO reverso. Quatro meses ap\u00f3s esse movimento, a empresa, cujos donos [&hellip;]<\/p>\n","protected":false},"author":4,"featured_media":2916,"comment_status":"closed","ping_status":"closed","sticky":false,"template":"","format":"standard","meta":{"_acf_changed":false,"inline_featured_image":false,"footnotes":""},"categories":[28,51],"tags":[],"class_list":["post-2234","post","type-post","status-publish","format-standard","has-post-thumbnail","hentry","category-entrevista","category-neofeed"],"acf":[],"_links":{"self":[{"href":"https:\/\/ri.fictoralimentos.com.br\/ru\/wp-json\/wp\/v2\/posts\/2234","targetHints":{"allow":["GET"]}}],"collection":[{"href":"https:\/\/ri.fictoralimentos.com.br\/ru\/wp-json\/wp\/v2\/posts"}],"about":[{"href":"https:\/\/ri.fictoralimentos.com.br\/ru\/wp-json\/wp\/v2\/types\/post"}],"author":[{"embeddable":true,"href":"https:\/\/ri.fictoralimentos.com.br\/ru\/wp-json\/wp\/v2\/users\/4"}],"replies":[{"embeddable":true,"href":"https:\/\/ri.fictoralimentos.com.br\/ru\/wp-json\/wp\/v2\/comments?post=2234"}],"version-history":[{"count":4,"href":"https:\/\/ri.fictoralimentos.com.br\/ru\/wp-json\/wp\/v2\/posts\/2234\/revisions"}],"predecessor-version":[{"id":2917,"href":"https:\/\/ri.fictoralimentos.com.br\/ru\/wp-json\/wp\/v2\/posts\/2234\/revisions\/2917"}],"wp:featuredmedia":[{"embeddable":true,"href":"https:\/\/ri.fictoralimentos.com.br\/ru\/wp-json\/wp\/v2\/media\/2916"}],"wp:attachment":[{"href":"https:\/\/ri.fictoralimentos.com.br\/ru\/wp-json\/wp\/v2\/media?parent=2234"}],"wp:term":[{"taxonomy":"category","embeddable":true,"href":"https:\/\/ri.fictoralimentos.com.br\/ru\/wp-json\/wp\/v2\/categories?post=2234"},{"taxonomy":"post_tag","embeddable":true,"href":"https:\/\/ri.fictoralimentos.com.br\/ru\/wp-json\/wp\/v2\/tags?post=2234"}],"curies":[{"name":"wp","href":"https:\/\/api.w.org\/{rel}","templated":true}]}}